{"id":63583,"date":"2025-06-07T12:27:36","date_gmt":"2025-06-07T15:27:36","guid":{"rendered":"https:\/\/infovera.com.ar\/web\/?p=63583"},"modified":"2025-06-08T15:44:01","modified_gmt":"2025-06-08T18:44:01","slug":"murio-el-cura-gaucho-mamerto-menapace","status":"publish","type":"post","link":"https:\/\/infovera.com.ar\/web\/2025\/06\/07\/murio-el-cura-gaucho-mamerto-menapace\/","title":{"rendered":"Muri\u00f3 el cura gaucho Mamerto Menapace"},"content":{"rendered":"<p><strong>El monje benedictino, nacido en Malabrigo (Santa Fe) falleci\u00f3 este viernes en Jun\u00edn. Fue reconocido por relatar pasajes de la Biblia en lenguaje llano y gauchesco. Sus restos descansar\u00e1n en el Monasterio Santa Mar\u00eda de Los Toldos, donde pas\u00f3 gran parte de su vida.\u00a0<\/strong><\/p>\n<p>Mamerto Menapace, reconocido monje benedictino, autor de relatos de la Biblia en lenguaje llano y gauchesco, adem\u00e1s de referente espiritual de vasta trayectoria en Argentina y Am\u00e9rica Latina, falleci\u00f3 este viernes 6 de junio, en Jun\u00edn, a los 83 a\u00f1os, tras haber sido trasladado desde el Monasterio Santa Mar\u00eda de Los Toldos.<\/p>\n<p><iframe loading=\"lazy\" title=\"&quot;Mi vida y mi obra&quot;, Padre Mamerto Menapace\" width=\"696\" height=\"392\" src=\"https:\/\/www.youtube.com\/embed\/GQadT4hmpS4?feature=oembed\" frameborder=\"0\" allow=\"accelerometer; autoplay; clipboard-write; encrypted-media; gyroscope; picture-in-picture; web-share\" referrerpolicy=\"strict-origin-when-cross-origin\" allowfullscreen><\/iframe><\/p>\n<p>Nacido el 24 de enero de 1942 en\u00a0Malabrigo, Santa Fe, Menapace ingres\u00f3 desde ni\u00f1o al monasterio de Los Toldos, fundado en 1948, donde desarroll\u00f3 pr\u00e1cticamente toda su vida religiosa. Fue ordenado sacerdote en 1966, tras completar sus estudios de teolog\u00eda en el monasterio de Las Condes, en\u00a0Chile.<\/p>\n<p>A lo largo de su vida, Mamerto Menapace combin\u00f3 la vida mon\u00e1stica con una intensa labor pastoral, educativa y literaria. Fue abad del Monasterio de Santa Mar\u00eda de Los Toldos durante dos per\u00edodos, entre 1980 y 1992, y en 1995 fue elegido abad presidente de la\u00a0Congregaci\u00f3n Benedictina del Cono Sur, que incluye monasterios de Argentina, Chile, Uruguay y Paraguay.<\/p>\n<p>De estilo c\u00e1lido y cercano, Menapace se destac\u00f3 por su vasta obra literaria compuesta por m\u00e1s de cuarenta t\u00edtulos. Supo transmitir el mensaje cristiano con un lenguaje sencillo y lleno de im\u00e1genes del campo y la vida cotidiana, lo que le vali\u00f3 comparaciones con el\u00a0Cura Brochero.<\/p>\n<p><strong>Trayectoria religiosa y literaria<\/strong><\/p>\n<p>A los diez a\u00f1os ingres\u00f3 al\u00a0Monasterio Benedictino de Santa Mar\u00eda en Los Toldos, provincia de Buenos Aires, donde vivi\u00f3 la mayor parte de su vida. Fue ordenado sacerdote en 1966 y, en 1980, se convirti\u00f3 en el primer abad del monasterio, cargo que desempe\u00f1\u00f3 hasta 1992 .<\/p>\n<p>Menapace se destac\u00f3 por su vasta producci\u00f3n literaria, que incluye cuentos, poes\u00edas, ensayos b\u00edblicos y reflexiones espirituales. Su estilo, influenciado por la tradici\u00f3n gauchesca y la vida rural, le vali\u00f3 el apodo de &#8220;cura gaucho&#8221; .<\/p>\n<p>Entre sus obras m\u00e1s conocidas se encuentran\u00a0Salmos criollos, donde adapta los salmos b\u00edblicos al lenguaje y sentir del campo argentino, y\u00a0El paso y la espera, una serie de reflexiones sobre la vida y la fe.<\/p>\n<p>Sus ense\u00f1anzas, marcadas por la fe, el humor, la sencillez y el compromiso social, tocaron el coraz\u00f3n de miles de personas dentro y fuera de la Iglesia. A trav\u00e9s de sus libros, retiros y reflexiones, Mamerto Menapace se convirti\u00f3 en un puente entre la espiritualidad mon\u00e1stica y el pueblo.<\/p>\n<p><strong>Descansar\u00e1 en el monasterio<\/strong><\/p>\n<p>El\u00a0Monasterio Santa Mar\u00eda de Los Toldos, su casa durante m\u00e1s de siete d\u00e9cadas, ser\u00e1 testigo de su partida. Sus restos ser\u00e1n velados y sepultados en el mismo lugar, conforme a la tradici\u00f3n benedictina.<\/p>\n","protected":false},"excerpt":{"rendered":"<p>El monje benedictino, nacido en Malabrigo (Santa Fe) falleci\u00f3 este viernes en Jun\u00edn. Fue reconocido por relatar pasajes de la Biblia en lenguaje llano y gauchesco. Sus restos descansar\u00e1n en el Monasterio Santa Mar\u00eda de Los Toldos, donde pas\u00f3 gran parte de su vida.\u00a0 Mamerto Menapace, reconocido monje benedictino, autor de relatos de la Biblia [&hellip;]<\/p>\n","protected":false},"author":3,"featured_media":63584,"comment_status":"closed","ping_status":"closed","sticky":false,"template":"","format":"standard","meta":{"_joinchat":[],"footnotes":""},"categories":[42,61,36],"tags":[],"class_list":{"0":"post-63583","1":"post","2":"type-post","3":"status-publish","4":"format-standard","5":"has-post-thumbnail","7":"category-necrologicas","8":"category-regionales","9":"category-sociedad"},"_links":{"self":[{"href":"https:\/\/infovera.com.ar\/web\/wp-json\/wp\/v2\/posts\/63583","targetHints":{"allow":["GET"]}}],"collection":[{"href":"https:\/\/infovera.com.ar\/web\/wp-json\/wp\/v2\/posts"}],"about":[{"href":"https:\/\/infovera.com.ar\/web\/wp-json\/wp\/v2\/types\/post"}],"author":[{"embeddable":true,"href":"https:\/\/infovera.com.ar\/web\/wp-json\/wp\/v2\/users\/3"}],"replies":[{"embeddable":true,"href":"https:\/\/infovera.com.ar\/web\/wp-json\/wp\/v2\/comments?post=63583"}],"version-history":[{"count":0,"href":"https:\/\/infovera.com.ar\/web\/wp-json\/wp\/v2\/posts\/63583\/revisions"}],"wp:featuredmedia":[{"embeddable":true,"href":"https:\/\/infovera.com.ar\/web\/wp-json\/wp\/v2\/media\/63584"}],"wp:attachment":[{"href":"https:\/\/infovera.com.ar\/web\/wp-json\/wp\/v2\/media?parent=63583"}],"wp:term":[{"taxonomy":"category","embeddable":true,"href":"https:\/\/infovera.com.ar\/web\/wp-json\/wp\/v2\/categories?post=63583"},{"taxonomy":"post_tag","embeddable":true,"href":"https:\/\/infovera.com.ar\/web\/wp-json\/wp\/v2\/tags?post=63583"}],"curies":[{"name":"wp","href":"https:\/\/api.w.org\/{rel}","templated":true}]}}