{"id":63580,"date":"2025-06-10T08:00:07","date_gmt":"2025-06-10T11:00:07","guid":{"rendered":"https:\/\/infovera.com.ar\/web\/?p=63580"},"modified":"2025-06-11T18:39:47","modified_gmt":"2025-06-11T21:39:47","slug":"unidos-no-fluye-y-caillat-apuesta-a-limar-asperezas-internas-con-vista-a-la-eleccion-general-de-junio","status":"publish","type":"post","link":"https:\/\/infovera.com.ar\/web\/2025\/06\/10\/unidos-no-fluye-y-caillat-apuesta-a-limar-asperezas-internas-con-vista-a-la-eleccion-general-de-junio\/","title":{"rendered":"Unidos no fluye en Vera y Caillat apuesta a limar asperezas internas con vista a la elecci\u00f3n general de junio"},"content":{"rendered":"<p><strong>A menos de un mes de los comicios, el frente electoral padece divisiones internas que afectan su performance electoral y encienden luces rojas con vista al pr\u00f3ximo 29 de junio.<\/strong><\/p>\n<p>Hoy por hoy, las distintas corrientes que conforman Unidos en Vera operan bajo la modalidad de compartimentos estancos, sin vasos comunicantes que irriguen la estrategia electoral de contar m\u00e1s votos que los adversarios.<\/p>\n<p>La falta de di\u00e1logo entre los l\u00edderes de los sectores que tributan al espacio que gobierna la ciudad y la provincia es en extremo visible en esta ciudad. Pruebas sobran: Unidos no pudo acordar una lista de unidad para concejales, y aunque fue el frente m\u00e1s votado con el 14,74 del padr\u00f3n -Sumemos Esfuerzos cosech\u00f3 el 13,04 % y M\u00e1s para Santa Fe el 12,16 %-, <strong>en t\u00e9rminos de candidaturas el candidato oficialista Marcos Rubianes (Vera Vive) qued\u00f3 tercero en las consideraciones de los votantes, que se inclinaron por Javier Barbona y Claudio Bieler.<\/strong><\/p>\n<p>De esos guarismos del escrutinio definitivo de las PASO surge evidente que en un escenario de tercios <strong>Unidos necesita de la unidad de sus partes para que el todo funcione y mantenga la hegemon\u00eda pol\u00edtica en el distrito con mayor cantidad de electores del departamento Vera.<\/strong><\/p>\n<p>Ese desempe\u00f1o deslucido fue admitido por la propia intendente Paula Mitre. En un mensaje a la comunidad, lo consider\u00f3 &#8220;un llamado de atenci\u00f3n&#8221; debido a que &#8220;hay errores y cosas para mejorar y corregir, y se comprometi\u00f3 a &#8220;aumentar la capacidad de escucha, abrir m\u00e1s los o\u00eddos y ojos para hacer una evaluaci\u00f3n&#8221;. Fue la \u00fanica que se expres\u00f3 en ese sentido, el resto sali\u00f3 de la escena sin hacer ruido, mutis por el foro.<\/p>\n<p>En la elecci\u00f3n a convencionales reformadores tampoco Unidos se vio favorecido por la voluntad popular. En el distrito Vera, M\u00e1s para Santa Fe obtuvo 3.880 votos y mir\u00f3 desde arriba a Unidos, que alcanz\u00f3 2.132. La diferencia a favor del peronismo fue de 1.748 sufragios, que estuvo a poco menos 200 votos de doblar a la candidata de la coalici\u00f3n gobernante.<\/p>\n<p><strong>La falta de solidaridad militante para con la boleta oficialista que llevaba a Juliana Caillat como candidata -referente del gobierno provincial en este territorio- fue alarmante.<\/strong> Muy a pesar de que la abogada de Calchaqu\u00ed multiplic\u00f3 sus esfuerzos para estar presente en cada punto del extenso mapa verense para apoyar a sus candidatos entregar aportes nunca antes vistos de un gobierno provincial,<strong> a la hora de abrir las urnas fue evidente que la falta de cohesi\u00f3n entre CREO, el PS y la UCR le jug\u00f3 en contra. No solo a Caillat, sino al propio gobierno provincial que gan\u00f3 en todos lados, menos en Vera.<\/strong><\/p>\n<p><strong>En este contexto de marcada desuni\u00f3n, fue la propia Juliana Caillat quien convoc\u00f3 a una reuni\u00f3n dirigencial general en el auditorio de la Sociedad Rural de Vera.<\/strong> All\u00ed confluyeron figuras de todos los distritos y, sobre todo, de Vera. Paula Mitre y Reynaldo Fabbroni, Sergio Rojas no pudo asistir y envi\u00f3 a sus representantes.<\/p>\n<p><strong>Caillat hizo las veces de &#8220;unificadora&#8221; de las posiciones encontradas, con el apoyo del ministro de Gobierno, Fabi\u00e1n Bastia, espada pol\u00edtica del gobernador Pullaro.<\/strong> El objetivo del c\u00f3nclave: traccionar en equipo la mayor cantidad de votos para la alianza oficialista. Y dejar de lado mezquindades pol\u00edticas y actitudes soberbias. <strong>En s\u00edntesis, dejar de funcionar como compartimentos estancos y activar el trabajo en equipo.\u00a0<\/strong><\/p>\n<p>Pero, &#8220;del dicho al hecho hay mucho trecho&#8221;. La verdad es que en Vera, los tres componentes principales de Unidos casi no se hablan. <strong>CREO y el PS tiene reducida su comunicaci\u00f3n a la m\u00e1s m\u00ednima expresi\u00f3n, y la UCR tradicional que gobern\u00f3 la ciudad hasta 2015 no tiene piel con la actual gesti\u00f3n.<\/strong> Esto \u00faltimo, cuentan los militantes, se percibi\u00f3 en las reuniones para encarar las primarias, que fueron fr\u00edas y distantes.<\/p>\n<p><strong>As\u00ed las cosas, quiz\u00e1s por recelos o por visiones equidistantes de la realidad, nadie convoca al otro, que parece el enemigo. En algunos casos, se prefiere al peronismo como interlocutor m\u00e1s v\u00e1lido que al propio signo pol\u00edtico.<\/strong><\/p>\n<p>La general del 29 de junio ser\u00e1 un ensayo electoral que pondr\u00e1 a prueba la capacidad de autocr\u00edtica de Unidos Vera, que de acuerdo a los porcentajes de las PASO resignar\u00e1 una banca en el Concejo Municipal.<\/p>\n<p>Tambi\u00e9n ser\u00e1 ocasi\u00f3n de ver <strong>sus reales posibilidades de ir por lo que realmente le quita el sue\u00f1o: la senadur\u00eda departamental. Hoy por hoy, con este nivel de individualismo reinante, casi una utop\u00eda.<\/strong><\/p>\n","protected":false},"excerpt":{"rendered":"<p>A menos de un mes de los comicios, el frente electoral padece divisiones internas que afectan su performance electoral y encienden luces rojas con vista al pr\u00f3ximo 29 de junio. Hoy por hoy, las distintas corrientes que conforman Unidos en Vera operan bajo la modalidad de compartimentos estancos, sin vasos comunicantes que irriguen la estrategia [&hellip;]<\/p>\n","protected":false},"author":3,"featured_media":63581,"comment_status":"closed","ping_status":"closed","sticky":false,"template":"","format":"standard","meta":{"_joinchat":[],"footnotes":""},"categories":[53],"tags":[],"class_list":{"0":"post-63580","1":"post","2":"type-post","3":"status-publish","4":"format-standard","5":"has-post-thumbnail","7":"category-vera"},"_links":{"self":[{"href":"https:\/\/infovera.com.ar\/web\/wp-json\/wp\/v2\/posts\/63580","targetHints":{"allow":["GET"]}}],"collection":[{"href":"https:\/\/infovera.com.ar\/web\/wp-json\/wp\/v2\/posts"}],"about":[{"href":"https:\/\/infovera.com.ar\/web\/wp-json\/wp\/v2\/types\/post"}],"author":[{"embeddable":true,"href":"https:\/\/infovera.com.ar\/web\/wp-json\/wp\/v2\/users\/3"}],"replies":[{"embeddable":true,"href":"https:\/\/infovera.com.ar\/web\/wp-json\/wp\/v2\/comments?post=63580"}],"version-history":[{"count":0,"href":"https:\/\/infovera.com.ar\/web\/wp-json\/wp\/v2\/posts\/63580\/revisions"}],"wp:featuredmedia":[{"embeddable":true,"href":"https:\/\/infovera.com.ar\/web\/wp-json\/wp\/v2\/media\/63581"}],"wp:attachment":[{"href":"https:\/\/infovera.com.ar\/web\/wp-json\/wp\/v2\/media?parent=63580"}],"wp:term":[{"taxonomy":"category","embeddable":true,"href":"https:\/\/infovera.com.ar\/web\/wp-json\/wp\/v2\/categories?post=63580"},{"taxonomy":"post_tag","embeddable":true,"href":"https:\/\/infovera.com.ar\/web\/wp-json\/wp\/v2\/tags?post=63580"}],"curies":[{"name":"wp","href":"https:\/\/api.w.org\/{rel}","templated":true}]}}