{"id":63577,"date":"2025-06-07T13:31:22","date_gmt":"2025-06-07T16:31:22","guid":{"rendered":"https:\/\/infovera.com.ar\/web\/?p=63577"},"modified":"2025-06-07T13:31:22","modified_gmt":"2025-06-07T16:31:22","slug":"pullaro-reunio-a-su-equipo-de-gobierno-para-evaluar-las-metas-de-gestion","status":"publish","type":"post","link":"https:\/\/infovera.com.ar\/web\/2025\/06\/07\/pullaro-reunio-a-su-equipo-de-gobierno-para-evaluar-las-metas-de-gestion\/","title":{"rendered":"Pullaro reuni\u00f3 a su equipo de Gobierno para evaluar las metas de gesti\u00f3n"},"content":{"rendered":"<p>Participaron ministros, secretarios y subsecretarios de la Provincia de Santa Fe, que debatieron en talleres donde se evaluaron los lineamientos de la gesti\u00f3n y se trazaron objetivos para el a\u00f1o que viene. \u201cEs importante decirle a la sociedad qu\u00e9 es lo que estamos haciendo, qu\u00e9 es lo que queremos hacer, c\u00f3mo lo estamos haciendo y cu\u00e1l es el resultado\u201d, afirm\u00f3 el secretario General de Gobernaci\u00f3n, Juan Cruz C\u00e1ndido.<\/p>\n<p>El gobernador de la provincia de Santa Fe, Maximiliano Pullaro, encabez\u00f3 este s\u00e1bado un encuentro de trabajo para evaluar las metas de gesti\u00f3n. Durante la actividad, que se llev\u00f3 a cabo en el Paraninfo de la Universidad Nacional del Litoral, participaron ministros, secretarios y subsecretarios del gobierno santafesino.<\/p>\n<p>Al respecto, el secretario General de Gobernaci\u00f3n, Juan Cruz C\u00e1ndido, explic\u00f3 que \u201cel gobernador nos convoc\u00f3 para poder evaluar el desempe\u00f1o de la gesti\u00f3n luego de un tiempo prudencial, para ver c\u00f3mo estamos, c\u00f3mo hemos cumplido con los objetivos, qu\u00e9 falta y cu\u00e1les son los desaf\u00edos que se abren en esta nueva etapa de la Provincia. Santa Fe ha venido llevando adelante muchas reformas, y no se detiene nunca en su ambici\u00f3n de transformar la realidad\u201d.<\/p>\n<p>El funcionario cont\u00f3 que durante el encuentro -que se extender\u00e1 hasta avanzada la tarde- \u201ctrabajamos en diez ejes tem\u00e1ticos en diferentes comisiones con miembros de todos los ministerios. Hay gabinetes transversales de estudio y planificaci\u00f3n de trabajo para encontrarnos el a\u00f1o que viene con estos objetivos. Los ejes que trabajamos est\u00e1n vinculados a la producci\u00f3n, a la educaci\u00f3n, a la justicia y seguridad, a la modernizaci\u00f3n del Estado, la digitalizaci\u00f3n, la simplificaci\u00f3n de tr\u00e1mites, la obra p\u00fablica, el abordaje del cambio clim\u00e1tico y el riesgo h\u00eddrico, y a la salud. Nuestro objetivo es planificar y establecer m\u00e9todos de evaluaci\u00f3n y de organizaci\u00f3n de cuentas. Es importante decirle a la sociedad qu\u00e9 es lo que estamos haciendo, qu\u00e9 es lo que queremos hacer, c\u00f3mo lo estamos haciendo y cu\u00e1l es el resultado\u201d.<\/p>\n<p>La jornada inici\u00f3 con la disertaci\u00f3n de Fabi\u00e1n Repetto, licenciado en Ciencia Pol\u00edtica de la Universidad de Buenos Aires (UBA), especialista en la dimensi\u00f3n institucional de la pol\u00edtica p\u00fablica (en especial de la pol\u00edtica social), doctor en Investigaci\u00f3n en Ciencias Sociales de la Facultad Latinoamericana de Ciencias Sociales (Flacso), maestro en Gobiernos y Asuntos P\u00fablicos de la Facultad Latinoamericana de Ciencias Sociales (Flacso), y maestro en Administraci\u00f3n P\u00fablica de la Facultad de Ciencias Econ\u00f3micas de la Universidad de Buenos Aires (UBA). Seguidamente los participantes debatieron en talleres, donde se evaluaron las metas de la gesti\u00f3n y se trazaron objetivos para el a\u00f1o que viene.<\/p>\n","protected":false},"excerpt":{"rendered":"<p>Participaron ministros, secretarios y subsecretarios de la Provincia de Santa Fe, que debatieron en talleres donde se evaluaron los lineamientos de la gesti\u00f3n y se trazaron objetivos para el a\u00f1o que viene. \u201cEs importante decirle a la sociedad qu\u00e9 es lo que estamos haciendo, qu\u00e9 es lo que queremos hacer, c\u00f3mo lo estamos haciendo y [&hellip;]<\/p>\n","protected":false},"author":3,"featured_media":63578,"comment_status":"closed","ping_status":"closed","sticky":false,"template":"","format":"standard","meta":{"_joinchat":[],"footnotes":""},"categories":[60],"tags":[],"class_list":{"0":"post-63577","1":"post","2":"type-post","3":"status-publish","4":"format-standard","5":"has-post-thumbnail","7":"category-provinciales"},"_links":{"self":[{"href":"https:\/\/infovera.com.ar\/web\/wp-json\/wp\/v2\/posts\/63577","targetHints":{"allow":["GET"]}}],"collection":[{"href":"https:\/\/infovera.com.ar\/web\/wp-json\/wp\/v2\/posts"}],"about":[{"href":"https:\/\/infovera.com.ar\/web\/wp-json\/wp\/v2\/types\/post"}],"author":[{"embeddable":true,"href":"https:\/\/infovera.com.ar\/web\/wp-json\/wp\/v2\/users\/3"}],"replies":[{"embeddable":true,"href":"https:\/\/infovera.com.ar\/web\/wp-json\/wp\/v2\/comments?post=63577"}],"version-history":[{"count":0,"href":"https:\/\/infovera.com.ar\/web\/wp-json\/wp\/v2\/posts\/63577\/revisions"}],"wp:featuredmedia":[{"embeddable":true,"href":"https:\/\/infovera.com.ar\/web\/wp-json\/wp\/v2\/media\/63578"}],"wp:attachment":[{"href":"https:\/\/infovera.com.ar\/web\/wp-json\/wp\/v2\/media?parent=63577"}],"wp:term":[{"taxonomy":"category","embeddable":true,"href":"https:\/\/infovera.com.ar\/web\/wp-json\/wp\/v2\/categories?post=63577"},{"taxonomy":"post_tag","embeddable":true,"href":"https:\/\/infovera.com.ar\/web\/wp-json\/wp\/v2\/tags?post=63577"}],"curies":[{"name":"wp","href":"https:\/\/api.w.org\/{rel}","templated":true}]}}