{"id":63574,"date":"2025-06-07T13:28:59","date_gmt":"2025-06-07T16:28:59","guid":{"rendered":"https:\/\/infovera.com.ar\/web\/?p=63574"},"modified":"2025-06-09T06:54:12","modified_gmt":"2025-06-09T09:54:12","slug":"santa-fe-extiende-el-plazo-para-adherirse-al-blanqueo","status":"publish","type":"post","link":"https:\/\/infovera.com.ar\/web\/2025\/06\/07\/santa-fe-extiende-el-plazo-para-adherirse-al-blanqueo\/","title":{"rendered":"Santa Fe extiende el plazo para adherirse al blanqueo"},"content":{"rendered":"<p><strong>El Gobierno de la Provincia de Santa Fe, a trav\u00e9s de la Administraci\u00f3n Provincial de Impuestos (API), prorrog\u00f3 hasta el 31 de julio el plazo para adherirse al R\u00e9gimen de Regularizaci\u00f3n de Activos, conocido com\u00fanmente como \u201cblanqueo\u201d. Hasta el momento, ya se han adherido m\u00e1s de 4.898 contribuyentes en el territorio provincial.<\/strong><\/p>\n<p>A trav\u00e9s de la Administraci\u00f3n Provincial de Impuestos, el Gobierno santafesino prorrog\u00f3 el plazo para adherirse al R\u00e9gimen de Regularizaci\u00f3n de Activos, conocido com\u00fanmente como \u201cblanqueo\u201d. La decisi\u00f3n de extender el plazo hasta el 31 de julio responde a un pedido formalizado por la Federaci\u00f3n Argentina de Graduados en Ciencias Econ\u00f3micas y los Colegios de Profesionales ante la API, en el marco del r\u00e9gimen previsto en la Ley 14.386 y la disposici\u00f3n Ley Nacional N.\u00ba 27.743.<\/p>\n<p>La adhesi\u00f3n, cuyo vencimiento original estaba previsto para el 6 de junio, fue prorrogada mediante resoluci\u00f3n N.\u00ba 029\/25 de API, en consideraci\u00f3n del creciente n\u00famero de interesados. En este sentido, se destaca el notable incremento de adhesiones en Santa Fe: de alrededor de 100 inscriptos en marzo, a 4.898 al inicio de junio.<\/p>\n<p>Las personas interesadas en adherirse al r\u00e9gimen pueden hacerlo de manera digital ingresando a:\u00a0https:\/\/www.santafe.gov.ar\/index.php\/tramites\/modul1\/index?m=descripcion&amp;id=279850<\/p>\n<p><strong>Ley Tributaria 2025<\/strong><\/p>\n<p>Cabe recordar que, en diciembre de 2024, la Legislatura santafesina sancion\u00f3 la Ley Tributaria N.\u00ba 14.386, que establece los lineamientos para la adhesi\u00f3n al R\u00e9gimen de Regularizaci\u00f3n de Activos en el \u00e1mbito de la provincia. La normativa fija cuatro principios rectores:<\/p>\n<p>* Compatibilidad con la pol\u00edtica de seguridad: toda medida en materia tributaria debe ser coherente con las pol\u00edticas de seguridad vigentes, evitando impactos negativos sobre las mismas.<\/p>\n<p>* Car\u00e1cter excepcional: la oportunidad de regularizaci\u00f3n se considera excepcional para quienes no cumplieron oportunamente sus deberes fiscales.<\/p>\n<p>* Cumplimiento integral: quienes adhieran al r\u00e9gimen deber\u00e1n estar al d\u00eda con el resto de sus obligaciones tributarias.<\/p>\n<p>* Ecuanimidad: El r\u00e9gimen debe garantizar un trato equitativo respecto de quienes han sido contribuyentes cumplidores.<\/p>\n","protected":false},"excerpt":{"rendered":"<p>El Gobierno de la Provincia de Santa Fe, a trav\u00e9s de la Administraci\u00f3n Provincial de Impuestos (API), prorrog\u00f3 hasta el 31 de julio el plazo para adherirse al R\u00e9gimen de Regularizaci\u00f3n de Activos, conocido com\u00fanmente como \u201cblanqueo\u201d. Hasta el momento, ya se han adherido m\u00e1s de 4.898 contribuyentes en el territorio provincial. A trav\u00e9s de [&hellip;]<\/p>\n","protected":false},"author":3,"featured_media":63575,"comment_status":"closed","ping_status":"closed","sticky":false,"template":"","format":"standard","meta":{"_joinchat":[],"footnotes":""},"categories":[60],"tags":[],"class_list":{"0":"post-63574","1":"post","2":"type-post","3":"status-publish","4":"format-standard","5":"has-post-thumbnail","7":"category-provinciales"},"_links":{"self":[{"href":"https:\/\/infovera.com.ar\/web\/wp-json\/wp\/v2\/posts\/63574","targetHints":{"allow":["GET"]}}],"collection":[{"href":"https:\/\/infovera.com.ar\/web\/wp-json\/wp\/v2\/posts"}],"about":[{"href":"https:\/\/infovera.com.ar\/web\/wp-json\/wp\/v2\/types\/post"}],"author":[{"embeddable":true,"href":"https:\/\/infovera.com.ar\/web\/wp-json\/wp\/v2\/users\/3"}],"replies":[{"embeddable":true,"href":"https:\/\/infovera.com.ar\/web\/wp-json\/wp\/v2\/comments?post=63574"}],"version-history":[{"count":0,"href":"https:\/\/infovera.com.ar\/web\/wp-json\/wp\/v2\/posts\/63574\/revisions"}],"wp:featuredmedia":[{"embeddable":true,"href":"https:\/\/infovera.com.ar\/web\/wp-json\/wp\/v2\/media\/63575"}],"wp:attachment":[{"href":"https:\/\/infovera.com.ar\/web\/wp-json\/wp\/v2\/media?parent=63574"}],"wp:term":[{"taxonomy":"category","embeddable":true,"href":"https:\/\/infovera.com.ar\/web\/wp-json\/wp\/v2\/categories?post=63574"},{"taxonomy":"post_tag","embeddable":true,"href":"https:\/\/infovera.com.ar\/web\/wp-json\/wp\/v2\/tags?post=63574"}],"curies":[{"name":"wp","href":"https:\/\/api.w.org\/{rel}","templated":true}]}}