{"id":63571,"date":"2025-06-07T12:45:02","date_gmt":"2025-06-07T15:45:02","guid":{"rendered":"https:\/\/infovera.com.ar\/web\/?p=63571"},"modified":"2025-06-07T12:45:02","modified_gmt":"2025-06-07T15:45:02","slug":"choque-multiple-cerca-de-marcelino-escalada-obliga-a-cortar-la-ruta-11","status":"publish","type":"post","link":"https:\/\/infovera.com.ar\/web\/2025\/06\/07\/choque-multiple-cerca-de-marcelino-escalada-obliga-a-cortar-la-ruta-11\/","title":{"rendered":"Choque m\u00faltiple cerca de Marcelino Escalada obliga a cortar la Ruta 11"},"content":{"rendered":"<div class=\"custom-text text-content styles_paragraph-detail__ihDsk styles_lila-links__X7FER styles_note-styles__5TKFd\">\n<p>En medio de otra jornada con visibilidad reducida por niebla y mal tiempo, se produjo un choque m\u00faltiple en el centro norte de la provincia de Santa Fe. Las primeras informaciones indican que el hecho tuvo lugar en Ruta Nacional 11, altura Marcelino Escalada.<\/p>\n<\/div>\n<div class=\"styles_img-container__a4cGN\">\n<div class=\"styles_article-image-epi__GSkzE\"><picture><img loading=\"lazy\" decoding=\"async\" class=\"styles_cover-image__pRCD1\" src=\"https:\/\/www.ellitoral.com\/images\/2025\/06\/07\/HuR0Tr_Nx_870x580__1.jpg\" alt=\"Una camioneta volcada al costado de la ruta.\" width=\"870\" height=\"580\" \/><\/picture><span class=\"styles_epigraphe__4c7ki\">Una camioneta volcada al costado de la ruta.<\/span><\/p>\n<hr \/>\n<p><button class=\"styles_open-img__qInQv\" aria-label=\"Open Image\"><\/button><\/div>\n<\/div>\n<div class=\"custom-text text-content styles_paragraph-detail__ihDsk styles_lila-links__X7FER styles_note-styles__5TKFd\">\n<p>Seg\u00fan se supo, del siniestro participaron tres camiones y dos veh\u00edculos de menor porte. A ra\u00edz del incidente el camino qued\u00f3 totalmente bloqueado.<\/p>\n<\/div>\n<div class=\"custom-text text-content styles_paragraph-detail__ihDsk styles_lila-links__X7FER styles_note-styles__5TKFd\">\n<p>En el lugar trabajaban personal policial de la provincia, bomberos y prestaba colaboraci\u00f3n Gendarmer\u00eda.<\/p>\n<\/div>\n<div class=\"styles_img-container__a4cGN\">\n<div class=\"styles_article-image-epi__GSkzE\"><picture><img loading=\"lazy\" decoding=\"async\" class=\"styles_cover-image__pRCD1\" src=\"https:\/\/www.ellitoral.com\/images\/2025\/06\/07\/L9PWyDspW_870x580__1.jpg\" alt=\"Uno de los veh\u00edculos fuera del camino.\" width=\"870\" height=\"580\" \/><\/picture><span class=\"styles_epigraphe__4c7ki\">Uno de los veh\u00edculos fuera del camino.<\/span><\/p>\n<hr \/>\n<p><button class=\"styles_open-img__qInQv\" aria-label=\"Open Image\"><\/button><\/div>\n<\/div>\n<div class=\"custom-text text-content styles_paragraph-detail__ihDsk styles_lila-links__X7FER styles_note-styles__5TKFd\">\n<p>Desde la Agencia Provincial de Seguridad Vial confirmaron el corte y los desv\u00edos en adyacencias donde se produjo el choque.<\/p>\n<\/div>\n<div class=\"custom-text text-content styles_paragraph-detail__ihDsk styles_lila-links__X7FER styles_note-styles__5TKFd\">\n<p>Con el correr de los minutos trascendi\u00f3 que pese a la gravedad del siniestro no hubo lesionados de consideraci\u00f3n.<\/p>\n<\/div>\n","protected":false},"excerpt":{"rendered":"<p>En medio de otra jornada con visibilidad reducida por niebla y mal tiempo, se produjo un choque m\u00faltiple en el centro norte de la provincia de Santa Fe. Las primeras informaciones indican que el hecho tuvo lugar en Ruta Nacional 11, altura Marcelino Escalada. Una camioneta volcada al costado de la ruta. Seg\u00fan se supo, [&hellip;]<\/p>\n","protected":false},"author":3,"featured_media":63572,"comment_status":"closed","ping_status":"closed","sticky":false,"template":"","format":"standard","meta":{"_joinchat":[],"footnotes":""},"categories":[61],"tags":[],"class_list":{"0":"post-63571","1":"post","2":"type-post","3":"status-publish","4":"format-standard","5":"has-post-thumbnail","7":"category-regionales"},"_links":{"self":[{"href":"https:\/\/infovera.com.ar\/web\/wp-json\/wp\/v2\/posts\/63571","targetHints":{"allow":["GET"]}}],"collection":[{"href":"https:\/\/infovera.com.ar\/web\/wp-json\/wp\/v2\/posts"}],"about":[{"href":"https:\/\/infovera.com.ar\/web\/wp-json\/wp\/v2\/types\/post"}],"author":[{"embeddable":true,"href":"https:\/\/infovera.com.ar\/web\/wp-json\/wp\/v2\/users\/3"}],"replies":[{"embeddable":true,"href":"https:\/\/infovera.com.ar\/web\/wp-json\/wp\/v2\/comments?post=63571"}],"version-history":[{"count":0,"href":"https:\/\/infovera.com.ar\/web\/wp-json\/wp\/v2\/posts\/63571\/revisions"}],"wp:featuredmedia":[{"embeddable":true,"href":"https:\/\/infovera.com.ar\/web\/wp-json\/wp\/v2\/media\/63572"}],"wp:attachment":[{"href":"https:\/\/infovera.com.ar\/web\/wp-json\/wp\/v2\/media?parent=63571"}],"wp:term":[{"taxonomy":"category","embeddable":true,"href":"https:\/\/infovera.com.ar\/web\/wp-json\/wp\/v2\/categories?post=63571"},{"taxonomy":"post_tag","embeddable":true,"href":"https:\/\/infovera.com.ar\/web\/wp-json\/wp\/v2\/tags?post=63571"}],"curies":[{"name":"wp","href":"https:\/\/api.w.org\/{rel}","templated":true}]}}