{"id":63568,"date":"2025-06-07T12:43:09","date_gmt":"2025-06-07T15:43:09","guid":{"rendered":"https:\/\/infovera.com.ar\/web\/?p=63568"},"modified":"2025-06-07T12:43:09","modified_gmt":"2025-06-07T15:43:09","slug":"mitre-y-bastia-firmaron-un-convenio-para-hacer-cloacas-en-el-barrio-martin-fierro","status":"publish","type":"post","link":"https:\/\/infovera.com.ar\/web\/2025\/06\/07\/mitre-y-bastia-firmaron-un-convenio-para-hacer-cloacas-en-el-barrio-martin-fierro\/","title":{"rendered":"Mitre y Bast\u00eda firmaron un convenio para hacer cloacas en el Barrio Mart\u00edn Fierro"},"content":{"rendered":"<div class=\"xdj266r x14z9mp xat24cr x1lziwak x1vvkbs x126k92a\">\n<div dir=\"auto\">La Intendente, Paula Mitre y el Ministro de Gobierno e Innovaci\u00f3n P\u00fablica, Fabi\u00e1n Bast\u00eda, firmaron un convenio dentro del programa Brigadier, para realizar la segunda etapa de desag\u00fces cloacales en el Barrio Mart\u00edn Fierro.<\/div>\n<\/div>\n<div class=\"x14z9mp xat24cr x1lziwak x1vvkbs xtlvy1s x126k92a\">\n<div dir=\"auto\"><\/div>\n<div dir=\"auto\">\u00a0A trav\u00e9s de este programa, el municipio recibe un monto de $189.323.950,80 para poder costear los gastos que demanden la obra.<\/div>\n<\/div>\n<div class=\"x14z9mp xat24cr x1lziwak x1vvkbs xtlvy1s x126k92a\">\n<div dir=\"auto\"><\/div>\n<div dir=\"auto\">\u00a0Al respecto, la Intendente expres\u00f3: \u201cesta es una gran noticia para nuestra ciudad porque continuamos realizando gestiones y obras fundamentales para mejorar la calidad de vida de los verenses, ya que, con este aporte del Gobierno Provincial, vamos a poder iniciar la segunda etapa de la obra de desag\u00fces cloacales del Barrio Mart\u00edn Fierro\u201d.<\/div>\n<\/div>\n<div class=\"x14z9mp xat24cr x1lziwak x1vvkbs xtlvy1s x126k92a\">\n<div dir=\"auto\"><\/div>\n<div dir=\"auto\">\u00a0PRoGRAMA BRIGADIER<\/div>\n<div dir=\"auto\"><\/div>\n<\/div>\n<div class=\"x14z9mp xat24cr x1lziwak x1vvkbs xtlvy1s x126k92a\">\n<div dir=\"auto\">\u00a0Tiene como finalidad mejorar la calidad de vida de las personas y grupos familiares en los barrios mediante la generaci\u00f3n de obras de infraestructura vinculadas a la mejora del h\u00e1bitat, el equipamiento barrial, el saneamiento y el acceso a la energ\u00eda y agua segura.<\/div>\n<\/div>\n","protected":false},"excerpt":{"rendered":"<p>La Intendente, Paula Mitre y el Ministro de Gobierno e Innovaci\u00f3n P\u00fablica, Fabi\u00e1n Bast\u00eda, firmaron un convenio dentro del programa Brigadier, para realizar la segunda etapa de desag\u00fces cloacales en el Barrio Mart\u00edn Fierro. \u00a0A trav\u00e9s de este programa, el municipio recibe un monto de $189.323.950,80 para poder costear los gastos que demanden la obra. [&hellip;]<\/p>\n","protected":false},"author":3,"featured_media":63569,"comment_status":"closed","ping_status":"closed","sticky":false,"template":"","format":"standard","meta":{"_joinchat":[],"footnotes":""},"categories":[53],"tags":[],"class_list":{"0":"post-63568","1":"post","2":"type-post","3":"status-publish","4":"format-standard","5":"has-post-thumbnail","7":"category-vera"},"_links":{"self":[{"href":"https:\/\/infovera.com.ar\/web\/wp-json\/wp\/v2\/posts\/63568","targetHints":{"allow":["GET"]}}],"collection":[{"href":"https:\/\/infovera.com.ar\/web\/wp-json\/wp\/v2\/posts"}],"about":[{"href":"https:\/\/infovera.com.ar\/web\/wp-json\/wp\/v2\/types\/post"}],"author":[{"embeddable":true,"href":"https:\/\/infovera.com.ar\/web\/wp-json\/wp\/v2\/users\/3"}],"replies":[{"embeddable":true,"href":"https:\/\/infovera.com.ar\/web\/wp-json\/wp\/v2\/comments?post=63568"}],"version-history":[{"count":0,"href":"https:\/\/infovera.com.ar\/web\/wp-json\/wp\/v2\/posts\/63568\/revisions"}],"wp:featuredmedia":[{"embeddable":true,"href":"https:\/\/infovera.com.ar\/web\/wp-json\/wp\/v2\/media\/63569"}],"wp:attachment":[{"href":"https:\/\/infovera.com.ar\/web\/wp-json\/wp\/v2\/media?parent=63568"}],"wp:term":[{"taxonomy":"category","embeddable":true,"href":"https:\/\/infovera.com.ar\/web\/wp-json\/wp\/v2\/categories?post=63568"},{"taxonomy":"post_tag","embeddable":true,"href":"https:\/\/infovera.com.ar\/web\/wp-json\/wp\/v2\/tags?post=63568"}],"curies":[{"name":"wp","href":"https:\/\/api.w.org\/{rel}","templated":true}]}}