{"id":63548,"date":"2025-06-06T12:45:34","date_gmt":"2025-06-06T15:45:34","guid":{"rendered":"https:\/\/infovera.com.ar\/web\/?p=63548"},"modified":"2025-06-07T14:32:50","modified_gmt":"2025-06-07T17:32:50","slug":"ante-la-voluntad-de-negociacion-festram-suspende-las-medidas-de-fuerza","status":"publish","type":"post","link":"https:\/\/infovera.com.ar\/web\/2025\/06\/06\/ante-la-voluntad-de-negociacion-festram-suspende-las-medidas-de-fuerza\/","title":{"rendered":"&#8220;Ante la voluntad de negociaci\u00f3n&#8221;, FESTRAM suspende las medidas de fuerza"},"content":{"rendered":"<p><strong>FESTRAM confirm\u00f3 reapertura de paritarias y las suspensi\u00f3n de medidas de fuerza.<\/strong><\/p>\n<p>La Federaci\u00f3n de Sindicatos de Trabajadores Municipales de la provincia de Santa Fe (FESTRAM) inform\u00f3 que se han iniciado comunicaciones por parte de representantes paritarios de intendentes y presidentes comunales con el objetivo de retomar la negociaci\u00f3n paritaria la pr\u00f3xima semana.<\/p>\n<p>Desde el gremio confirmaron que el reinicio del di\u00e1logo en el \u00e1mbito paritario es una prioridad, ya que representa una herramienta fundamental para garantizar mejoras en las condiciones laborales y salariales de los trabajadores municipales y comunales de toda la provincia.<\/p>\n<p>FESTRAM explic\u00f3 que las medidas de fuerza adoptadas en las \u00faltimas semanas tuvieron como \u00fanico prop\u00f3sito forzar la convocatoria a negociaci\u00f3n bajo los t\u00e9rminos establecidos por la Ley 9.996, que rige las paritarias municipales.<\/p>\n<p>En ese sentido, y ante la voluntad manifestada por las autoridades pol\u00edticas de volver a la mesa de di\u00e1logo, el gremio resolvi\u00f3 suspender las medidas de fuerza previstas para los pr\u00f3ximos d\u00edas. La decisi\u00f3n fue respaldada por el \u00faltimo plenario de Secretarios y Secretarias Generales, que facult\u00f3 a los representantes gremiales para participar de las negociaciones salariales con mandato firme.<\/p>\n<p>\u201cDemostramos que nuestro \u00fanico inter\u00e9s es conseguir una mejora salarial que otorgue dignidad a los trabajadores municipales y comunales\u201d, se\u00f1alaron desde la Federaci\u00f3n. La circular lleva las firmas de Ignacio J. Monz\u00f3n, secretario general de FESTRAM, y Germ\u00e1n Ocampo, secretario de Actas y Administraci\u00f3n.<\/p>\n","protected":false},"excerpt":{"rendered":"<p>FESTRAM confirm\u00f3 reapertura de paritarias y las suspensi\u00f3n de medidas de fuerza. La Federaci\u00f3n de Sindicatos de Trabajadores Municipales de la provincia de Santa Fe (FESTRAM) inform\u00f3 que se han iniciado comunicaciones por parte de representantes paritarios de intendentes y presidentes comunales con el objetivo de retomar la negociaci\u00f3n paritaria la pr\u00f3xima semana. Desde el [&hellip;]<\/p>\n","protected":false},"author":3,"featured_media":63549,"comment_status":"closed","ping_status":"closed","sticky":false,"template":"","format":"standard","meta":{"_joinchat":[],"footnotes":""},"categories":[27,60],"tags":[],"class_list":{"0":"post-63548","1":"post","2":"type-post","3":"status-publish","4":"format-standard","5":"has-post-thumbnail","7":"category-gremiales","8":"category-provinciales"},"_links":{"self":[{"href":"https:\/\/infovera.com.ar\/web\/wp-json\/wp\/v2\/posts\/63548","targetHints":{"allow":["GET"]}}],"collection":[{"href":"https:\/\/infovera.com.ar\/web\/wp-json\/wp\/v2\/posts"}],"about":[{"href":"https:\/\/infovera.com.ar\/web\/wp-json\/wp\/v2\/types\/post"}],"author":[{"embeddable":true,"href":"https:\/\/infovera.com.ar\/web\/wp-json\/wp\/v2\/users\/3"}],"replies":[{"embeddable":true,"href":"https:\/\/infovera.com.ar\/web\/wp-json\/wp\/v2\/comments?post=63548"}],"version-history":[{"count":0,"href":"https:\/\/infovera.com.ar\/web\/wp-json\/wp\/v2\/posts\/63548\/revisions"}],"wp:featuredmedia":[{"embeddable":true,"href":"https:\/\/infovera.com.ar\/web\/wp-json\/wp\/v2\/media\/63549"}],"wp:attachment":[{"href":"https:\/\/infovera.com.ar\/web\/wp-json\/wp\/v2\/media?parent=63548"}],"wp:term":[{"taxonomy":"category","embeddable":true,"href":"https:\/\/infovera.com.ar\/web\/wp-json\/wp\/v2\/categories?post=63548"},{"taxonomy":"post_tag","embeddable":true,"href":"https:\/\/infovera.com.ar\/web\/wp-json\/wp\/v2\/tags?post=63548"}],"curies":[{"name":"wp","href":"https:\/\/api.w.org\/{rel}","templated":true}]}}