{"id":63539,"date":"2025-06-05T18:30:21","date_gmt":"2025-06-05T21:30:21","guid":{"rendered":"https:\/\/infovera.com.ar\/web\/?p=63539"},"modified":"2025-08-10T13:05:28","modified_gmt":"2025-08-10T16:05:28","slug":"convencionales-reformadores-de-la-ucr-recibieron-a-funcionarios-del-ministerio-publico-de-la-acusacion","status":"publish","type":"post","link":"https:\/\/infovera.com.ar\/web\/2025\/06\/05\/convencionales-reformadores-de-la-ucr-recibieron-a-funcionarios-del-ministerio-publico-de-la-acusacion\/","title":{"rendered":"Convencionales reformadores de la UCR recibieron a funcionarios del Ministerio P\u00fablico de la Acusaci\u00f3n"},"content":{"rendered":"<p>En el marco de reuniones con distintos sectores p\u00fablicos, sociales e intersectoriales en vista de la Reforma de la Constituci\u00f3n provincial, distintos convencionales reformadores electos de la UCR provincial que preside Felipe Michlig; sumado el convencional electo Ra\u00fal Gramajo, recibieron a funcionarios del Ministerio P\u00fablico de la Acusaci\u00f3n (MPA), encabezados por su titular la Dra. Mar\u00eda Cecilia Vranicich.<\/p>\n<p>En la oportunidad los convencionales presentes escucharon propuestas de las autoridades del MPA en torno a algunos articulados habilitados para el debate y en particular sobre qu\u00e9<br \/>\nubicaci\u00f3n institucional deber\u00eda tener el Ministerio P\u00fablico de la Acusaci\u00f3n en la nueva Constituci\u00f3n provincial, esboz\u00e1ndose distintas argumentaciones al respecto.<\/p>\n<p>El encuentro se desarroll\u00f3 en el recinto de la C\u00e1mara de Senadores con la asistencia -adem\u00e1s- de asesores t\u00e9cnicos del MPA y del bloque de la UCR.<\/p>\n<p><strong>\u201cEscuchamos a todos\u201d<\/strong><\/p>\n<p>Al t\u00e9rmino de la reuni\u00f3n el Pte. de la UCR y convencional electo Felipe Michlig resumi\u00f3 que \u201cfue una reuni\u00f3n muy fruct\u00edfera en donde escuchamos argumentos concretos de la posici\u00f3n sostenidas por los funcionarios del MPA en torno a temas de incumbencia de ese organismo<br \/>\njudicial\u201d.<\/p>\n<p>\u201cVenimos reuni\u00e9ndonos y escuchando a todos los sectores interesados en aportar ideas y propuestas que contribuyan a lograr la constituci\u00f3n m\u00e1s moderna que est\u00e9 al entero servicio de todos los santafesinos para los pr\u00f3ximos a\u00f1os\u201d, agregando que la pr\u00f3xima semana \u201ccontinuar\u00e1n con la ronda de consulta con otros sectores de la sociedad<br \/>\ncivil&#8221;.<\/p>\n","protected":false},"excerpt":{"rendered":"<p>En el marco de reuniones con distintos sectores p\u00fablicos, sociales e intersectoriales en vista de la Reforma de la Constituci\u00f3n provincial, distintos convencionales reformadores electos de la UCR provincial que preside Felipe Michlig; sumado el convencional electo Ra\u00fal Gramajo, recibieron a funcionarios del Ministerio P\u00fablico de la Acusaci\u00f3n (MPA), encabezados por su titular la Dra. [&hellip;]<\/p>\n","protected":false},"author":3,"featured_media":63540,"comment_status":"closed","ping_status":"closed","sticky":false,"template":"","format":"standard","meta":{"_joinchat":[],"footnotes":""},"categories":[66,60],"tags":[],"class_list":{"0":"post-63539","1":"post","2":"type-post","3":"status-publish","4":"format-standard","5":"has-post-thumbnail","7":"category-politica","8":"category-provinciales"},"_links":{"self":[{"href":"https:\/\/infovera.com.ar\/web\/wp-json\/wp\/v2\/posts\/63539","targetHints":{"allow":["GET"]}}],"collection":[{"href":"https:\/\/infovera.com.ar\/web\/wp-json\/wp\/v2\/posts"}],"about":[{"href":"https:\/\/infovera.com.ar\/web\/wp-json\/wp\/v2\/types\/post"}],"author":[{"embeddable":true,"href":"https:\/\/infovera.com.ar\/web\/wp-json\/wp\/v2\/users\/3"}],"replies":[{"embeddable":true,"href":"https:\/\/infovera.com.ar\/web\/wp-json\/wp\/v2\/comments?post=63539"}],"version-history":[{"count":0,"href":"https:\/\/infovera.com.ar\/web\/wp-json\/wp\/v2\/posts\/63539\/revisions"}],"wp:featuredmedia":[{"embeddable":true,"href":"https:\/\/infovera.com.ar\/web\/wp-json\/wp\/v2\/media\/63540"}],"wp:attachment":[{"href":"https:\/\/infovera.com.ar\/web\/wp-json\/wp\/v2\/media?parent=63539"}],"wp:term":[{"taxonomy":"category","embeddable":true,"href":"https:\/\/infovera.com.ar\/web\/wp-json\/wp\/v2\/categories?post=63539"},{"taxonomy":"post_tag","embeddable":true,"href":"https:\/\/infovera.com.ar\/web\/wp-json\/wp\/v2\/tags?post=63539"}],"curies":[{"name":"wp","href":"https:\/\/api.w.org\/{rel}","templated":true}]}}