{"id":63530,"date":"2025-06-05T18:25:31","date_gmt":"2025-06-05T21:25:31","guid":{"rendered":"https:\/\/infovera.com.ar\/web\/?p=63530"},"modified":"2025-06-05T19:08:15","modified_gmt":"2025-06-05T22:08:15","slug":"programa-quedate-esta-abierta-la-inscripcion-a-las-tutorias-virtuales-para-finalizar-la-secundaria","status":"publish","type":"post","link":"https:\/\/infovera.com.ar\/web\/2025\/06\/05\/programa-quedate-esta-abierta-la-inscripcion-a-las-tutorias-virtuales-para-finalizar-la-secundaria\/","title":{"rendered":"Programa \u201cQuedate\u201d: est\u00e1 abierta la inscripci\u00f3n a las tutor\u00edas virtuales para finalizar la Secundaria"},"content":{"rendered":"<p><strong>Hasta el martes 10 de junio podr\u00e1n registrarse estudiantes de escuelas de Educaci\u00f3n Secundaria Orientada, T\u00e9cnico Profesional y de Ense\u00f1anza Media para Adultos, que adeuden materias de los a\u00f1os 2020, 2021 y 2022. Hoy en la provincia unos 65 mil estudiantes est\u00e1n en esa situaci\u00f3n debiendo entre 2 y 18 materias.<\/strong><\/p>\n<p>Con el objetivo de que puedan terminar la secundaria, el Gobierno de Santa Fe, a trav\u00e9s del Ministerio de Educaci\u00f3n, abri\u00f3 la inscripci\u00f3n a las tutor\u00edas virtuales del programa \u201cQuedate\u201d, destinado a estudiantes de escuelas de Educaci\u00f3n Secundaria Orientada, T\u00e9cnico Profesional y de Ense\u00f1anza Media para Adultos que adeuden materias de los a\u00f1os 2020, 2021 y 2022.<\/p>\n<p>Las tutor\u00edas del programa \u201cQuedate\u201d tienen un cursado asincr\u00f3nico, lo que permite que los estudiantes puedan acceder al material de estudio y a las actividades de evaluaci\u00f3n en sus propios tiempos y espacios; una acreditaci\u00f3n vinculante, es decir, que la aprobaci\u00f3n de todas las actividades propuestas genera la aprobaci\u00f3n inmediata de las materias que se registran como pendiente en cada escuela; y, adem\u00e1s, tiene validez obligatoria: cada escuela secundaria tiene acceso a la informaci\u00f3n sobre la participaci\u00f3n del estudiante, la calificaci\u00f3n obtenida y la obligaci\u00f3n de registrar la aprobaci\u00f3n como nota final.<\/p>\n<p>Al respecto, la subsecretaria de Educaci\u00f3n Secundaria, Mariela Bosio, sostuvo que \u201cla propuesta est\u00e1 pensada para que los estudiantes puedan regularizar los espacios que tengan pendientes de los a\u00f1os 2020, 2021 y 2022, para poder contar con el t\u00edtulo de secundario que les permita continuar con los estudios superiores, obtener un trabajo o realizar una capacitaci\u00f3n, ya que es un documento fundamental para el futuro de los estudiantes. Hoy en la provincia unos 65 mil estudiantes est\u00e1n en esa situaci\u00f3n debiendo entre 2 y 18 materias\u201d, precis\u00f3.<\/p>\n<p>Para inscribirse hay que ingresar en el siguiente link <a href=\"https:\/\/campuseducativo.santafe.edu.ar\/quedate\/\">https:\/\/campuseducativo.santafe.edu.ar\/quedate\/<\/a> con el ID CIUDADANA. En caso de no tenerlo se puede ingresar a un tutorial que explica los pasos a seguir para obtenerlo: <a href=\"https:\/\/youtu.be\/nO9ZeTEBmjk\">https:\/\/youtu.be\/nO9ZeTEBmjk<\/a><\/p>\n","protected":false},"excerpt":{"rendered":"<p>Hasta el martes 10 de junio podr\u00e1n registrarse estudiantes de escuelas de Educaci\u00f3n Secundaria Orientada, T\u00e9cnico Profesional y de Ense\u00f1anza Media para Adultos, que adeuden materias de los a\u00f1os 2020, 2021 y 2022. Hoy en la provincia unos 65 mil estudiantes est\u00e1n en esa situaci\u00f3n debiendo entre 2 y 18 materias. Con el objetivo de [&hellip;]<\/p>\n","protected":false},"author":3,"featured_media":63532,"comment_status":"closed","ping_status":"closed","sticky":false,"template":"","format":"standard","meta":{"_joinchat":[],"footnotes":""},"categories":[39,60],"tags":[],"class_list":{"0":"post-63530","1":"post","2":"type-post","3":"status-publish","4":"format-standard","5":"has-post-thumbnail","7":"category-educacion","8":"category-provinciales"},"_links":{"self":[{"href":"https:\/\/infovera.com.ar\/web\/wp-json\/wp\/v2\/posts\/63530","targetHints":{"allow":["GET"]}}],"collection":[{"href":"https:\/\/infovera.com.ar\/web\/wp-json\/wp\/v2\/posts"}],"about":[{"href":"https:\/\/infovera.com.ar\/web\/wp-json\/wp\/v2\/types\/post"}],"author":[{"embeddable":true,"href":"https:\/\/infovera.com.ar\/web\/wp-json\/wp\/v2\/users\/3"}],"replies":[{"embeddable":true,"href":"https:\/\/infovera.com.ar\/web\/wp-json\/wp\/v2\/comments?post=63530"}],"version-history":[{"count":0,"href":"https:\/\/infovera.com.ar\/web\/wp-json\/wp\/v2\/posts\/63530\/revisions"}],"wp:featuredmedia":[{"embeddable":true,"href":"https:\/\/infovera.com.ar\/web\/wp-json\/wp\/v2\/media\/63532"}],"wp:attachment":[{"href":"https:\/\/infovera.com.ar\/web\/wp-json\/wp\/v2\/media?parent=63530"}],"wp:term":[{"taxonomy":"category","embeddable":true,"href":"https:\/\/infovera.com.ar\/web\/wp-json\/wp\/v2\/categories?post=63530"},{"taxonomy":"post_tag","embeddable":true,"href":"https:\/\/infovera.com.ar\/web\/wp-json\/wp\/v2\/tags?post=63530"}],"curies":[{"name":"wp","href":"https:\/\/api.w.org\/{rel}","templated":true}]}}