{"id":63527,"date":"2025-06-05T17:21:10","date_gmt":"2025-06-05T20:21:10","guid":{"rendered":"https:\/\/infovera.com.ar\/web\/?p=63527"},"modified":"2025-06-05T17:21:10","modified_gmt":"2025-06-05T20:21:10","slug":"la-defensoria-expresan-su-preocupacion-ante-sanciones-contra-ninos-por-una-foto","status":"publish","type":"post","link":"https:\/\/infovera.com.ar\/web\/2025\/06\/05\/la-defensoria-expresan-su-preocupacion-ante-sanciones-contra-ninos-por-una-foto\/","title":{"rendered":"La Defensor\u00eda expresan su preocupaci\u00f3n ante sanciones contra ni\u00f1os por una foto"},"content":{"rendered":"<p>Las instituciones manifestaron que las medidas disciplinarias adoptadas contra un grupo de chicos que se fotografiaron con un referente deportivo de la ciudad de Rosario vulneran derechos y son inadmisibles.<\/p>\n<p>La Defensor\u00eda del Pueblo y la Defensor\u00eda de Ni\u00f1as, Ni\u00f1os y Adolescentes de la provincia de Santa Fe expresan su profunda preocupaci\u00f3n ante la medida adoptada contra ni\u00f1os de una instituci\u00f3n deportiva de la ciudad de Rosario, quienes fueron sancionados por haberse fotografiado con un jugador referente de un club rival. A ra\u00edz de este hecho, se les retir\u00f3 la beca que les permit\u00eda asistir a una escuela de f\u00fatbol, afectando su derecho al acceso al deporte.<\/p>\n<p>&#8220;Entendemos que el deporte, en sus distintas manifestaciones, promueve que chicas y chicos crezcan sanos, aprendan a pensar cr\u00edticamente y desarrollen el sentido de la amistad, el respeto y la convivencia&#8221;, expresaron desde los organismos.<\/p>\n<p>Este tipo de sanciones contravienen el marco normativo vigente en nuestro pa\u00eds, como la Ley Nacional 26.061 de Protecci\u00f3n Integral de los Derechos de Ni\u00f1as, Ni\u00f1os y Adolescentes y la Ley Provincial 12.967, que garantizan el acceso al deporte como un derecho fundamental que el Estado debe asegurar en todos sus niveles.<\/p>\n<p>Adem\u00e1s, Argentina es parte de tratados internacionales como la Convenci\u00f3n sobre los Derechos del Ni\u00f1o (CDN) \u2014con jerarqu\u00eda constitucional\u2014 que en su art\u00edculo 31 reconoce el derecho del ni\u00f1o al juego, al esparcimiento y a participar libremente en la vida cultural y art\u00edstica. Tambi\u00e9n, la Observaci\u00f3n General N\u00b0 17 del Comit\u00e9 de los Derechos del Ni\u00f1o de la ONU refuerza la obligaci\u00f3n estatal de asegurar el acceso equitativo al deporte, libre de discriminaci\u00f3n y violencia.<\/p>\n<p>En ese marco, los organismos protectores de derecho exhortan a la poblaci\u00f3n y a los medios de comunicaci\u00f3n a cesar con la difusi\u00f3n de la imagen de los chicos, para evitar su revictimizaci\u00f3n y la vulneraci\u00f3n de sus derechos, reconocidos tambi\u00e9n por la normativa nacional como la internacional.<\/p>\n<p>Desde hace a\u00f1os, la Defensor\u00eda del Pueblo y la Defensor\u00eda de Ni\u00f1as, Ni\u00f1os y Adolescentes trabajan junto a clubes, federaciones y asociaciones deportivas de toda la provincia para fomentar pr\u00e1cticas deportivas basadas en el respeto, la inclusi\u00f3n y el cuidado. Un ejemplo concreto es la campa\u00f1a &#8220;A la violencia sacale la Roja&#8221;, lanzada en 2008 por la Defensor\u00eda del Pueblo de Santa Fe, que visibiliz\u00f3 y previno la violencia en el f\u00fatbol infantil y juvenil.<\/p>\n<p>En el mismo sentido, en los \u00faltimos a\u00f1os se han llevado a cabo m\u00faltiples charlas, talleres y acciones de prevenci\u00f3n en conjunto con instituciones deportivas, asociaciones que las nuclean y actores clave del deporte provincial. Estas actividades buscan generar conciencia sobre el rol formativo del deporte, promover la cultura del juego limpio y erradicar toda forma de violencia simb\u00f3lica, verbal o f\u00edsica contra ni\u00f1os, ni\u00f1as y adolescentes.<\/p>\n<p>El rol de los clubes e instituciones deportivas \u2014con los que se viene articulando de manera sostenida\u2014 es clave en la promoci\u00f3n de derechos y en la construcci\u00f3n de entornos seguros para las infancias.<\/p>\n<p>A la luz de estos tiempos y del nuevo paradigma que considera a las ni\u00f1as y ni\u00f1os como sujetos plenos de derechos, resultan inadmisibles las medidas de disciplinamiento o castigo que atenten contra su dignidad, bienestar o desarrollo integral.<\/p>\n<p>\u201cReafirmamos nuestro compromiso con la construcci\u00f3n de una vida deportiva libre de violencias, donde se priorice el inter\u00e9s superior de ni\u00f1os y ni\u00f1as, se fomente la tolerancia, se respeten sus decisiones y se promuevan valores de convivencia y respeto mutuo\u201d, concluyeron la Defensor\u00eda del Pueblo y la Defensor\u00eda de Ni\u00f1as, Ni\u00f1os y Adolescentes.<\/p>\n","protected":false},"excerpt":{"rendered":"<p>Las instituciones manifestaron que las medidas disciplinarias adoptadas contra un grupo de chicos que se fotografiaron con un referente deportivo de la ciudad de Rosario vulneran derechos y son inadmisibles. La Defensor\u00eda del Pueblo y la Defensor\u00eda de Ni\u00f1as, Ni\u00f1os y Adolescentes de la provincia de Santa Fe expresan su profunda preocupaci\u00f3n ante la medida [&hellip;]<\/p>\n","protected":false},"author":3,"featured_media":63528,"comment_status":"closed","ping_status":"closed","sticky":false,"template":"","format":"standard","meta":{"_joinchat":[],"footnotes":""},"categories":[60,36],"tags":[],"class_list":{"0":"post-63527","1":"post","2":"type-post","3":"status-publish","4":"format-standard","5":"has-post-thumbnail","7":"category-provinciales","8":"category-sociedad"},"_links":{"self":[{"href":"https:\/\/infovera.com.ar\/web\/wp-json\/wp\/v2\/posts\/63527","targetHints":{"allow":["GET"]}}],"collection":[{"href":"https:\/\/infovera.com.ar\/web\/wp-json\/wp\/v2\/posts"}],"about":[{"href":"https:\/\/infovera.com.ar\/web\/wp-json\/wp\/v2\/types\/post"}],"author":[{"embeddable":true,"href":"https:\/\/infovera.com.ar\/web\/wp-json\/wp\/v2\/users\/3"}],"replies":[{"embeddable":true,"href":"https:\/\/infovera.com.ar\/web\/wp-json\/wp\/v2\/comments?post=63527"}],"version-history":[{"count":0,"href":"https:\/\/infovera.com.ar\/web\/wp-json\/wp\/v2\/posts\/63527\/revisions"}],"wp:featuredmedia":[{"embeddable":true,"href":"https:\/\/infovera.com.ar\/web\/wp-json\/wp\/v2\/media\/63528"}],"wp:attachment":[{"href":"https:\/\/infovera.com.ar\/web\/wp-json\/wp\/v2\/media?parent=63527"}],"wp:term":[{"taxonomy":"category","embeddable":true,"href":"https:\/\/infovera.com.ar\/web\/wp-json\/wp\/v2\/categories?post=63527"},{"taxonomy":"post_tag","embeddable":true,"href":"https:\/\/infovera.com.ar\/web\/wp-json\/wp\/v2\/tags?post=63527"}],"curies":[{"name":"wp","href":"https:\/\/api.w.org\/{rel}","templated":true}]}}