{"id":63519,"date":"2025-06-05T14:14:21","date_gmt":"2025-06-05T17:14:21","guid":{"rendered":"https:\/\/infovera.com.ar\/web\/?p=63519"},"modified":"2025-06-05T14:14:21","modified_gmt":"2025-06-05T17:14:21","slug":"vera-una-mujer-fue-identificada-por-encubrir-el-robo-de-una-moto-ybr","status":"publish","type":"post","link":"https:\/\/infovera.com.ar\/web\/2025\/06\/05\/vera-una-mujer-fue-identificada-por-encubrir-el-robo-de-una-moto-ybr\/","title":{"rendered":"Vera: una mujer fue identificada por encubrir el robo de una moto YBR"},"content":{"rendered":"<p>La Polic\u00eda de Investigaciones (PDI), dependiente del Ministerio de Justicia y Seguridad, identific\u00f3 hoy a J. S. G. por la causa de encubrimiento.<\/p>\n<p>La investigaci\u00f3n se inici\u00f3 a ra\u00edz de una denuncia donde un hombre inform\u00f3 que personas de identidad desconocida forzaron el port\u00f3n de su taller mec\u00e1nico y sustrajeron la rueda completa de un motoveh\u00edculo YBR el cual fue dejado tiempo atr\u00e1s por una mujer llamada J. S. G.<\/p>\n<p>Por lo sucedido el personal del Dpto. Operativo se hizo presente en dicho taller, quienes al notar el estado de abandono de la motocicleta realizaron un control de guarismos impresos, constatando que la misma presentaba pedido de secuestro por haber sido robada en el a\u00f1o 2023.<\/p>\n<p>Finalmente el fiscal de turno Dr. Koguc, orden\u00f3 que se identifique a J.S.G de 43 a\u00f1os, por el delito de encubrimiento, sin adoptar medidas restrictivas hacia su libertad.<\/p>\n","protected":false},"excerpt":{"rendered":"<p>La Polic\u00eda de Investigaciones (PDI), dependiente del Ministerio de Justicia y Seguridad, identific\u00f3 hoy a J. S. G. por la causa de encubrimiento. La investigaci\u00f3n se inici\u00f3 a ra\u00edz de una denuncia donde un hombre inform\u00f3 que personas de identidad desconocida forzaron el port\u00f3n de su taller mec\u00e1nico y sustrajeron la rueda completa de un [&hellip;]<\/p>\n","protected":false},"author":3,"featured_media":63520,"comment_status":"closed","ping_status":"closed","sticky":false,"template":"","format":"standard","meta":{"_joinchat":[],"footnotes":""},"categories":[30,53],"tags":[],"class_list":{"0":"post-63519","1":"post","2":"type-post","3":"status-publish","4":"format-standard","5":"has-post-thumbnail","7":"category-policiales","8":"category-vera"},"_links":{"self":[{"href":"https:\/\/infovera.com.ar\/web\/wp-json\/wp\/v2\/posts\/63519","targetHints":{"allow":["GET"]}}],"collection":[{"href":"https:\/\/infovera.com.ar\/web\/wp-json\/wp\/v2\/posts"}],"about":[{"href":"https:\/\/infovera.com.ar\/web\/wp-json\/wp\/v2\/types\/post"}],"author":[{"embeddable":true,"href":"https:\/\/infovera.com.ar\/web\/wp-json\/wp\/v2\/users\/3"}],"replies":[{"embeddable":true,"href":"https:\/\/infovera.com.ar\/web\/wp-json\/wp\/v2\/comments?post=63519"}],"version-history":[{"count":0,"href":"https:\/\/infovera.com.ar\/web\/wp-json\/wp\/v2\/posts\/63519\/revisions"}],"wp:featuredmedia":[{"embeddable":true,"href":"https:\/\/infovera.com.ar\/web\/wp-json\/wp\/v2\/media\/63520"}],"wp:attachment":[{"href":"https:\/\/infovera.com.ar\/web\/wp-json\/wp\/v2\/media?parent=63519"}],"wp:term":[{"taxonomy":"category","embeddable":true,"href":"https:\/\/infovera.com.ar\/web\/wp-json\/wp\/v2\/categories?post=63519"},{"taxonomy":"post_tag","embeddable":true,"href":"https:\/\/infovera.com.ar\/web\/wp-json\/wp\/v2\/tags?post=63519"}],"curies":[{"name":"wp","href":"https:\/\/api.w.org\/{rel}","templated":true}]}}