{"id":63508,"date":"2025-06-05T10:30:12","date_gmt":"2025-06-05T13:30:12","guid":{"rendered":"https:\/\/infovera.com.ar\/web\/?p=63508"},"modified":"2025-06-05T10:30:12","modified_gmt":"2025-06-05T13:30:12","slug":"estado-de-situacion-en-vera-informe-de-la-intendente-mitre","status":"publish","type":"post","link":"https:\/\/infovera.com.ar\/web\/2025\/06\/05\/estado-de-situacion-en-vera-informe-de-la-intendente-mitre\/","title":{"rendered":"Estado de situaci\u00f3n en Vera: informe de la intendente Mitre"},"content":{"rendered":"<p><strong>La intendente Paula Mitre, junto a la secretaria de Desarrollo Humano Jorgelina Vel\u00e1zquez, ofrecieron un completo informe sobre lo actuado y las tareas que se est\u00e1n ejecutando\u00a0 en el marco de la emergencia que contin\u00faa despu\u00e9s del fen\u00f3meno de la semana anterior.<\/strong><\/p>\n<p>Con planillas en mano y gr\u00e1ficos proyectados en diapositivas se brind\u00f3 un pormenorizado detalle de las donaciones recibidas como as\u00ed tambi\u00e9n a qu\u00e9 sectores y personas fueron entregadas.<\/p>\n<p>El balance comprende del 27 al 31 de mayo y se da cuenta que los d\u00edas m\u00e1s cr\u00edticos fueron el martes 27 y mi\u00e9rcoles 28, cuando se distribuyeron 1172 m\u00f3dulos alimentarios, se repartieron 6400 viandas de comida caliente, mientras que en la Cocina Centralizada se elaboraron 2000 raciones para almuerzo y 2000\u00a0 para la cena de cada d\u00eda, asignadas a los 6 comedores comunitarios y 3 centros de evacuados.<\/p>\n<p>En cuanto a otros elementos, se inform\u00f3 que se entregaron 427 colchones, 566 frazadas y 607 kit de limpieza, detalle que pudo observarse en la diapositiva donde se distinguen claramente los sectores m\u00e1s asistidos, pero tambi\u00e9n qued\u00f3 en evidencia que toda la ciudad sufri\u00f3 el avance del agua en las viviendas.<\/p>\n<p>El sal\u00f3n del SRV funciona como centro de recepci\u00f3n mientras que C\u00e1ritas se encarga de la clasificaci\u00f3n y entrega de ropa, tarea a cargo de voluntarios tambi\u00e9n en La Estaci\u00f3n.<\/p>\n<p>La intendente Mitre ratific\u00f3 que \u201cse sigue con el relevamiento territorial porque la asistencia va a continuar mientras se mantiene la contenci\u00f3n social, dado que hay mucha gente que vive de changas y a\u00fan no puede trabajar debido a las condiciones que est\u00e1 el terreno\u201d.<\/p>\n<p>\u201cEsta ayuda tambi\u00e9n incluye a otras comunidades como Espin, Caraguatay y Santa Luc\u00eda, donde las lluvias fueron menores pero tambi\u00e9n sufrieron sus consecuencias\u201d, agreg\u00f3.<\/p>\n<p>El agua no respet\u00f3 lugar ni condici\u00f3n social, dado que \u201ctoda la ciudad se inund\u00f3 y ahora hay familias que tienen que reponer muebles y artefactos que fueron destruidos\u201d.<\/p>\n<p>Mitre agradeci\u00f3 \u201cal gobierno provincial por la asistencia inmediata de Protecci\u00f3n Civil, a los clubes que se abrieron como centros de evacuados, a los Bomberos que llegaron de otros lugares para sumarse a los nuestros y montar el operativo arriesgando su vida, al personal de la Unidad Regional XIX y de la Guardia Rural \u201cLos Pumas\u201d, a la Sociedad Rural de Vera, al personal de Salud y 107, a las fuerzas pol\u00edticas, senador Osvaldo Sosa y Diputado Sergio Rojas, a los empresarios, al comercio, a instituciones y vecinos de Vera que siguen aportando donaciones y no todas pasan por la Municipalidad sino que vienen directamente a los barrios\u201d, aclar\u00f3.<\/p>\n<p>\u201cNo hay lugar donde no est\u00e9 residiendo un verense que no haya iniciado una campa\u00f1a para juntar elementos que nos est\u00e1 llegando de todas partes, eso nos hace sentir el abrazo solidario de todo un pa\u00eds, gracias tambi\u00e9n a los medios de comunicaci\u00f3n que reflejaron nuestra situaci\u00f3n\u201d, reconoci\u00f3.<\/p>\n<p>En conclusi\u00f3n, \u201cesta emergencia dej\u00f3 en evidencia la pobreza estructural de nuestra ciudad, dado que no solo afect\u00f3 a los m\u00e1s humildes sino que la inmensa mayor\u00eda sufri\u00f3 y sigue sufriendo las consecuencias debiendo ser asistida\u201d, dijo la secretaria Jorgelina Vel\u00e1zquez.<\/p>\n<p>Como dato positivo, Mitre destac\u00f3 \u201cla inmediata reacci\u00f3n de los gobiernos, tanto nacional como provincial, para poner en vigencia el viejo reclamo sobre la readecuaci\u00f3n de las alcantarillas sobre la Ruta 11\u201d; gesti\u00f3n que ya estar\u00eda en marcha a trav\u00e9s de un ATN, para que la provincia se encargue de realizar las obras necesarias para evitar que esta situaci\u00f3n se repita en el futuro.<\/p>\n<p>\u201cPara nosotros fue una situaci\u00f3n de mucho aprendizaje y una gran experiencia\u201d, se\u00f1al\u00f3 la intendente, agregando que en la actualidad se est\u00e1 trabajando en la limpieza de la ciudad y revisando los canales de desag\u00fces, tratando de recuperar la rutina.<\/p>\n<p>Letyana Press<\/p>\n","protected":false},"excerpt":{"rendered":"<p>La intendente Paula Mitre, junto a la secretaria de Desarrollo Humano Jorgelina Vel\u00e1zquez, ofrecieron un completo informe sobre lo actuado y las tareas que se est\u00e1n ejecutando\u00a0 en el marco de la emergencia que contin\u00faa despu\u00e9s del fen\u00f3meno de la semana anterior. Con planillas en mano y gr\u00e1ficos proyectados en diapositivas se brind\u00f3 un pormenorizado [&hellip;]<\/p>\n","protected":false},"author":3,"featured_media":63509,"comment_status":"closed","ping_status":"closed","sticky":false,"template":"","format":"standard","meta":{"_joinchat":[],"footnotes":""},"categories":[53],"tags":[],"class_list":{"0":"post-63508","1":"post","2":"type-post","3":"status-publish","4":"format-standard","5":"has-post-thumbnail","7":"category-vera"},"_links":{"self":[{"href":"https:\/\/infovera.com.ar\/web\/wp-json\/wp\/v2\/posts\/63508","targetHints":{"allow":["GET"]}}],"collection":[{"href":"https:\/\/infovera.com.ar\/web\/wp-json\/wp\/v2\/posts"}],"about":[{"href":"https:\/\/infovera.com.ar\/web\/wp-json\/wp\/v2\/types\/post"}],"author":[{"embeddable":true,"href":"https:\/\/infovera.com.ar\/web\/wp-json\/wp\/v2\/users\/3"}],"replies":[{"embeddable":true,"href":"https:\/\/infovera.com.ar\/web\/wp-json\/wp\/v2\/comments?post=63508"}],"version-history":[{"count":0,"href":"https:\/\/infovera.com.ar\/web\/wp-json\/wp\/v2\/posts\/63508\/revisions"}],"wp:featuredmedia":[{"embeddable":true,"href":"https:\/\/infovera.com.ar\/web\/wp-json\/wp\/v2\/media\/63509"}],"wp:attachment":[{"href":"https:\/\/infovera.com.ar\/web\/wp-json\/wp\/v2\/media?parent=63508"}],"wp:term":[{"taxonomy":"category","embeddable":true,"href":"https:\/\/infovera.com.ar\/web\/wp-json\/wp\/v2\/categories?post=63508"},{"taxonomy":"post_tag","embeddable":true,"href":"https:\/\/infovera.com.ar\/web\/wp-json\/wp\/v2\/tags?post=63508"}],"curies":[{"name":"wp","href":"https:\/\/api.w.org\/{rel}","templated":true}]}}