{"id":63504,"date":"2025-06-05T09:00:49","date_gmt":"2025-06-05T12:00:49","guid":{"rendered":"https:\/\/infovera.com.ar\/web\/?p=63504"},"modified":"2025-06-05T19:03:33","modified_gmt":"2025-06-05T22:03:33","slug":"la-provincia-transfirio-a-calchaqui-mas-de-214-millones-para-obras-de-pavimentacion","status":"publish","type":"post","link":"https:\/\/infovera.com.ar\/web\/2025\/06\/05\/la-provincia-transfirio-a-calchaqui-mas-de-214-millones-para-obras-de-pavimentacion\/","title":{"rendered":"La provincia transfiri\u00f3 a Calchaqu\u00ed m\u00e1s de $ 214 millones para obras de pavimentaci\u00f3n"},"content":{"rendered":"<p>La ciudad de Calchaqu\u00ed contar\u00e1 con una inversi\u00f3n de $214.510.604,46, provenientes del Fondo de Obras Menores del Gobierno de la Provincia de Santa Fe. Los fondos est\u00e1n destinados a la realizaci\u00f3n de trabajos de pavimentaci\u00f3n en diversas calles de la localidad.<\/p>\n<p>El proyecto incluye obras en los siguientes tramos:<\/p>\n<p>\u2022 Estanislao L\u00f3pez, entre Mitre y Tucum\u00e1n<br \/>\n\u2022 Ituzaing\u00f3, entre Bv. Belgrano y Rivadavia<br \/>\n\u2022 Ituzaing\u00f3, entre Rivadavia y Santa Fe<br \/>\n\u2022 San Lorenzo, entre San Mart\u00edn y Pueyrred\u00f3n<br \/>\n\u2022 Pueyrred\u00f3n, entre San Lorenzo y Salta<br \/>\n\u2022 Pueyrred\u00f3n, entre Salta y Col\u00f3n<br \/>\n\u2022 Salta, entre San Mart\u00edn y Pueyrred\u00f3n<br \/>\n\u2022 Salta, entre Pueyrred\u00f3n y Sargento Cabral<\/p>\n<p>La obra fue aprobada por el Concejo Deliberante de Calchaqu\u00ed mediante la Ordenanza enviada por el ejecutivo N.\u00ba 01\/2025, lo que habilita la utilizaci\u00f3n de los fondos y ejecuci\u00f3n de los trabajos correspondientes por parte del gobierno Municipal de Calchaqu\u00ed.<\/p>\n","protected":false},"excerpt":{"rendered":"<p>La ciudad de Calchaqu\u00ed contar\u00e1 con una inversi\u00f3n de $214.510.604,46, provenientes del Fondo de Obras Menores del Gobierno de la Provincia de Santa Fe. Los fondos est\u00e1n destinados a la realizaci\u00f3n de trabajos de pavimentaci\u00f3n en diversas calles de la localidad. El proyecto incluye obras en los siguientes tramos: \u2022 Estanislao L\u00f3pez, entre Mitre y [&hellip;]<\/p>\n","protected":false},"author":3,"featured_media":63505,"comment_status":"closed","ping_status":"closed","sticky":false,"template":"","format":"standard","meta":{"_joinchat":[],"footnotes":""},"categories":[52],"tags":[],"class_list":{"0":"post-63504","1":"post","2":"type-post","3":"status-publish","4":"format-standard","5":"has-post-thumbnail","7":"category-calchaqui"},"_links":{"self":[{"href":"https:\/\/infovera.com.ar\/web\/wp-json\/wp\/v2\/posts\/63504","targetHints":{"allow":["GET"]}}],"collection":[{"href":"https:\/\/infovera.com.ar\/web\/wp-json\/wp\/v2\/posts"}],"about":[{"href":"https:\/\/infovera.com.ar\/web\/wp-json\/wp\/v2\/types\/post"}],"author":[{"embeddable":true,"href":"https:\/\/infovera.com.ar\/web\/wp-json\/wp\/v2\/users\/3"}],"replies":[{"embeddable":true,"href":"https:\/\/infovera.com.ar\/web\/wp-json\/wp\/v2\/comments?post=63504"}],"version-history":[{"count":0,"href":"https:\/\/infovera.com.ar\/web\/wp-json\/wp\/v2\/posts\/63504\/revisions"}],"wp:featuredmedia":[{"embeddable":true,"href":"https:\/\/infovera.com.ar\/web\/wp-json\/wp\/v2\/media\/63505"}],"wp:attachment":[{"href":"https:\/\/infovera.com.ar\/web\/wp-json\/wp\/v2\/media?parent=63504"}],"wp:term":[{"taxonomy":"category","embeddable":true,"href":"https:\/\/infovera.com.ar\/web\/wp-json\/wp\/v2\/categories?post=63504"},{"taxonomy":"post_tag","embeddable":true,"href":"https:\/\/infovera.com.ar\/web\/wp-json\/wp\/v2\/tags?post=63504"}],"curies":[{"name":"wp","href":"https:\/\/api.w.org\/{rel}","templated":true}]}}