{"id":63501,"date":"2025-06-05T09:57:10","date_gmt":"2025-06-05T12:57:10","guid":{"rendered":"https:\/\/infovera.com.ar\/web\/?p=63501"},"modified":"2025-06-06T14:32:19","modified_gmt":"2025-06-06T17:32:19","slug":"vera-recibira-mil-millones-de-pesos-para-la-reconstruccion-de-calles-y-las-obras-en-la-ruta-11","status":"publish","type":"post","link":"https:\/\/infovera.com.ar\/web\/2025\/06\/05\/vera-recibira-mil-millones-de-pesos-para-la-reconstruccion-de-calles-y-las-obras-en-la-ruta-11\/","title":{"rendered":"Vera recibir\u00e1 mil millones de pesos para la reconstrucci\u00f3n de calles y  las obras en la Ruta 11"},"content":{"rendered":"<p>El gobierno provincial destinar\u00e1 el Aporte No Reintegrable del Tesoro nacional (ATN) a mejorar la situaci\u00f3n de caminos y otras infraestructuras da\u00f1adas por las lluvias de los \u00faltimos meses al norte santafesino.<\/p>\n<p>Una parte importante del monto de cinco millones de pesos ser\u00e1 adjudicado a la ciudad de Vera que padeci\u00f3 lluvias superiores a los 400 mil\u00edmetros en muy pocas horas. &#8220;El objetivo ser\u00e1 recuperar calles anegadas y ejecutar obras en tres alcantarillas de la ruta nacional 11 que obstruyen la salida de agua de esa ciudad&#8221;, anticip\u00f3 el gobernador Maximiliano Pullaro a El Litoral.<\/p>\n<p style=\"text-align: left;\">El resto de los fondos ser\u00e1n destinados a reparar caminos da\u00f1ados en los departamentos norte\u00f1os pero tambi\u00e9n para reponer columnas del tendido el\u00e9ctrico que fueron afectadas.<\/p>\n<p>En detalle<\/p>\n<p>El gobierno provincial, mediante el decreto 1151, acept\u00f3 los fondos transferidos por el gobierno nacional. &#8220;Ac\u00e9ptase la contribuci\u00f3n sin reintegro realizada por la Vicejefatura de Gabinete del Interior de la Naci\u00f3n con cargo al Fondo de Aportes del Tesoro Nacional, art\u00edculo 3\u00ba Inciso d) y art\u00edculo 5\u00ba de la Ley Nacional N\u00ba 23548&#8221;, arranca.<\/p>\n<p>&#8220;Por la suma total de $ 5.000.000.000,00, para ser destinada a la emergencia clim\u00e1tica que atraviesan distintas zonas de la Provincia de Santa Fe, de conformidad a la Resoluci\u00f3n N\u00ba 230\/25 de la Vicejefatura de Gabinete del Interior de la Naci\u00f3n&#8221;, se\u00f1ala el art\u00edculo inicial del instrumento santafesino.<\/p>\n<p>M\u00e1s adelante, se autoriza a la Tesorer\u00eda General de la Provincia a transferir los fondos que se encuentran depositados en la Cuenta Bancaria N\u00ba 17972\/04: &#8220;Gobierno de la Provincia de Santa Fe &#8211; Fondos Nacionales Afectados&#8221; a la Cuenta N\u00ba 9001\/04: &#8220;Rentas Generales&#8221;. Por otra parte, delega en el ministro de Gobierno e Innovaci\u00f3n P\u00fablica la facultad de asignar los fondos aceptados.<\/p>\n<p>En tanto, la Secretar\u00eda de Protecci\u00f3n Civil y Gesti\u00f3n de Riesgos dependiente del Ministerio de Gobierno e Innovaci\u00f3n P\u00fablica realizar\u00e1 las acciones de seguimiento y monitoreo de obras, trabajos y erogaciones que se efect\u00faen en atenci\u00f3n de la emergencia.<\/p>\n<p>Y con utilizaci\u00f3n de los recursos por parte de los Municipios y Comunas a los que se les asignen los respectivos fondos, independientemente de las rendiciones de cuentas que correspondan en el marco de la Ley N\u00b0 12510.<\/p>\n<p>Los 400 mm en Vera<\/p>\n<p>Como se recordar\u00e1 entre la noche del lunes 26 y la madrugada del martes 27 de mayo una feroz tormenta azot\u00f3 a la localidad norte\u00f1a de Vera.<\/p>\n<p>Registros oficiales apuntaron a que la ca\u00edda de lluvia super\u00f3 los 400 mm y provoc\u00f3 serios da\u00f1os en el entorno urbano y rural de la zona.<\/p>\n<p>A ra\u00edz de las anegaciones provocadas por la intensa lluvia, se evacuaron unas 120 personas y otras 25 fueron llevadas a un hospital.<\/p>\n","protected":false},"excerpt":{"rendered":"<p>El gobierno provincial destinar\u00e1 el Aporte No Reintegrable del Tesoro nacional (ATN) a mejorar la situaci\u00f3n de caminos y otras infraestructuras da\u00f1adas por las lluvias de los \u00faltimos meses al norte santafesino. Una parte importante del monto de cinco millones de pesos ser\u00e1 adjudicado a la ciudad de Vera que padeci\u00f3 lluvias superiores a los [&hellip;]<\/p>\n","protected":false},"author":3,"featured_media":63256,"comment_status":"closed","ping_status":"closed","sticky":false,"template":"","format":"standard","meta":{"_joinchat":[],"footnotes":""},"categories":[53],"tags":[],"class_list":{"0":"post-63501","1":"post","2":"type-post","3":"status-publish","4":"format-standard","5":"has-post-thumbnail","7":"category-vera"},"_links":{"self":[{"href":"https:\/\/infovera.com.ar\/web\/wp-json\/wp\/v2\/posts\/63501","targetHints":{"allow":["GET"]}}],"collection":[{"href":"https:\/\/infovera.com.ar\/web\/wp-json\/wp\/v2\/posts"}],"about":[{"href":"https:\/\/infovera.com.ar\/web\/wp-json\/wp\/v2\/types\/post"}],"author":[{"embeddable":true,"href":"https:\/\/infovera.com.ar\/web\/wp-json\/wp\/v2\/users\/3"}],"replies":[{"embeddable":true,"href":"https:\/\/infovera.com.ar\/web\/wp-json\/wp\/v2\/comments?post=63501"}],"version-history":[{"count":0,"href":"https:\/\/infovera.com.ar\/web\/wp-json\/wp\/v2\/posts\/63501\/revisions"}],"wp:featuredmedia":[{"embeddable":true,"href":"https:\/\/infovera.com.ar\/web\/wp-json\/wp\/v2\/media\/63256"}],"wp:attachment":[{"href":"https:\/\/infovera.com.ar\/web\/wp-json\/wp\/v2\/media?parent=63501"}],"wp:term":[{"taxonomy":"category","embeddable":true,"href":"https:\/\/infovera.com.ar\/web\/wp-json\/wp\/v2\/categories?post=63501"},{"taxonomy":"post_tag","embeddable":true,"href":"https:\/\/infovera.com.ar\/web\/wp-json\/wp\/v2\/tags?post=63501"}],"curies":[{"name":"wp","href":"https:\/\/api.w.org\/{rel}","templated":true}]}}