{"id":63488,"date":"2025-06-04T18:04:58","date_gmt":"2025-06-04T21:04:58","guid":{"rendered":"https:\/\/infovera.com.ar\/web\/?p=63488"},"modified":"2025-06-05T18:26:34","modified_gmt":"2025-06-05T21:26:34","slug":"merecen-vivir-con-dignidad-el-norte-se-movilizo-en-reclamo-de-la-emergencia-en-discapacidad","status":"publish","type":"post","link":"https:\/\/infovera.com.ar\/web\/2025\/06\/04\/merecen-vivir-con-dignidad-el-norte-se-movilizo-en-reclamo-de-la-emergencia-en-discapacidad\/","title":{"rendered":"&#8220;Merecen vivir con dignidad&#8221;: el norte se moviliz\u00f3 en reclamo de la emergencia en discapacidad"},"content":{"rendered":"<p><strong>Pacientes, familiares, y prestadores autoconvocados de Reconquista, Avellaneda y Vera llevaron a cabo una jornada de visibilizaci\u00f3n y protesta. &#8220;Que sea ley&#8221;, exigieron.<\/strong><\/p>\n<p>En el marco del debate nacional por la emergencia en discapacidad y en simult\u00e1neo con la sesi\u00f3n en el Congreso que trataba este mi\u00e9rcoles la conversi\u00f3n en ley de ese estado de excepci\u00f3n, familiares y personas con discapacidades m\u00e1s prestadores del sistema de movilizaron en Reconquista, Avellaneda y Vera.<\/p>\n<p>Desde las 10 en la Plaza Central reconquistense y tambi\u00e9n en la c\u00e9ntrica esquina verense de P. Houriet y San Mart\u00edn los manifestantes se sumaron a la jornada nacional de movilizaci\u00f3n en reclamo por el \u201cgrave deterioro\u201d del sistema de prestaciones b\u00e1sicas que afecta a una de las poblaciones m\u00e1s vulnerables del pa\u00eds.<\/p>\n<p><iframe loading=\"lazy\" title=\"El norte de moviliz\u00f3 para exigir que la emergencia en discapacidad sea declarada ley por el Congreso\" width=\"696\" height=\"392\" src=\"https:\/\/www.youtube.com\/embed\/J1h9EfHxkVc?feature=oembed\" frameborder=\"0\" allow=\"accelerometer; autoplay; clipboard-write; encrypted-media; gyroscope; picture-in-picture; web-share\" referrerpolicy=\"strict-origin-when-cross-origin\" allowfullscreen><\/iframe><\/p>\n<p>Desde hace a\u00f1os, quienes integran este sector vienen denunciando que los fondos regulados por el Estado nacional \u201cno han acompa\u00f1ado el proceso inflacionario, lo que ha derivado en una p\u00e9rdida efectiva del acceso a servicios fundamentales\u201d. <strong>\u201cLa crisis impacta no solo en las personas con discapacidad, sino tambi\u00e9n en miles de trabajadores y trabajadoras cuyos puestos se han precarizado o directamente perdido\u201d, indicaron, en un comunicado.<\/strong><\/p>\n<p>Actualmente, pusieron en evidencia, el sistema atraviesa una situaci\u00f3n cr\u00edtica. <strong>Seg\u00fan estimaciones de instituciones categorizadas, se necesita una \u201crecomposici\u00f3n arancelaria del 73% para cubrir los costos m\u00ednimos de funcionamiento\u201d, una cifra que pone en evidencia el colapso operativo del sector.<\/strong><\/p>\n<p><strong>\u201cDesfinanciamiento\u201d<\/strong><\/p>\n<p>Los organizadores de la jornada denuncian un \u201cbrutal desfinanciamiento impulsado por el Gobierno Nacional, que afecta servicios educativos, terap\u00e9uticos, de transporte y de atenci\u00f3n integral\u201d. Seg\u00fan explicaron, \u201cestas pol\u00edticas ignoran lo establecido en la Ley 24.901, que garantiza el derecho a una cobertura integral para las personas con discapacidad\u201d y vulneran principios b\u00e1sicos de equidad y dignidad humana&#8221;.<\/p>\n<p>Aunque respaldan la implementaci\u00f3n de auditor\u00edas que apunten a mejorar la transparencia, <strong>los prestadores rechazaron las \u201cpr\u00e1cticas persecutorias\u201d que \u201cest\u00e1n generando m\u00e1s sufrimiento a las personas con discapacidad y sus familias\u201d.<\/strong><\/p>\n<p>La movilizaci\u00f3n se realiz\u00f3 justo cuando el Congreso de la Naci\u00f3n se aprestaba a tratar el proyecto de ley que busca declarar la emergencia en discapacidad, una iniciativa que tiene como objetivo asegurar el cumplimiento de la Convenci\u00f3n sobre los Derechos de las Personas con Discapacidad, que posee rango constitucional en Argentina. El proyecto contempla la adopci\u00f3n urgente de medidas normativas, institucionales y presupuestarias.<\/p>\n<p>\u201cExigimos que se escuche a quienes vivimos esta realidad todos los d\u00edas y que la emergencia en discapacidad sea ley\u201d, se expidieron.<\/p>\n<p><strong>Derechos b\u00e1sicos<\/strong><\/p>\n<p>Previo a una caravana que recorri\u00f3 la Municipalidad de Reconquista, la Oficina INSSJP Reconquista (PAMI), IAPOS Reconquista, el Concejo Municipal, la Defensor\u00eda del Pueblo, la Municipalidad de Avellaneda y la oficina del senador Orfilio Marc\u00f3n, los movilizados remarcaron que \u201cpeligran derechos b\u00e1sicos\u201d y denunciaron recortes, demoras y aranceles insostenibles.<\/p>\n<p><strong>\u201cDurante este a\u00f1o se han demorado las autorizaciones de los pacientes para realizar rehabilitaci\u00f3n, los pagos se retrasan entre tres y seis meses, y no hubo aumentos en 2025. Los prestadores, transportistas y centros de d\u00eda recibieron 0 % de incremento, mientras los costos se disparan\u201d, <\/strong>denunciaron, durante la protesta.<\/p>\n<figure class=\"image\"><img decoding=\"async\" src=\"https:\/\/norte24cdn.eleco.com.ar\/media\/2025\/06\/disca_1.png\" alt=\"disca\" \/><figcaption>Manifestaci\u00f3n en Reconquista.<\/figcaption><\/figure>\n<p><strong>En riesgo<\/strong><\/p>\n<p>Uno de los principales reclamos apunt\u00f3 a la presunta intenci\u00f3n del gobierno nacional de eliminar el \u201cfondo solidario de redistribuci\u00f3n\u201d (conocido como &#8216;nomenclador&#8217;), lo cual descentralizar\u00eda la financiaci\u00f3n y dejar\u00eda en manos de las obras sociales la decisi\u00f3n sobre qu\u00e9 prestaciones autorizar. \u201cEso pone en riesgo las sesiones, los traslados y la atenci\u00f3n en los centros de d\u00eda. Ya nos vienen recortando prestaciones\u201d, advirtieron.<\/p>\n<p><strong>Adem\u00e1s, se\u00f1alaron que el valor del kil\u00f3metro recorrido para transporte est\u00e1 fijado en 541 pesos, mientras que el litro de combustible supera los 1.500.<\/strong> En cuanto a terapias, aseguraron que se pagan 12.000 pesos por sesi\u00f3n, aunque el Colegio Profesional recomienda valores superiores a los 20.000.<\/p>\n<p>La ley 24.901 establece un sistema de prestaciones b\u00e1sicas esenciales en discapacidad, incluyendo rehabilitaci\u00f3n, transporte y atenci\u00f3n en centros especializados. Sin embargo, \u201cla falta de actualizaci\u00f3n y los retrasos hacen inviable sostener los servicios. Esto atenta contra los derechos y calidad de vida de los pacientes\u201d, explicaron.<\/p>\n<p>\u201cEstamos a favor de los controles del Estado, pero tambi\u00e9n necesitamos apoyo. Pagamos alquileres, matr\u00edculas, colegios, y enviamos toda la documentaci\u00f3n en tiempo y forma. Queremos que se nos escuche\u201d, reclamaron.<\/p>\n<p>Finalmente, hicieron un llamado a la sociedad: \u201cSomos minor\u00eda, pero todos pueden necesitar una prestaci\u00f3n en alg\u00fan momento. Esto no es solo por nosotros como trabajadores, sino por las personas con discapacidad, que merecen vivir con dignidad\u201d.<\/p>\n","protected":false},"excerpt":{"rendered":"<p>Pacientes, familiares, y prestadores autoconvocados de Reconquista, Avellaneda y Vera llevaron a cabo una jornada de visibilizaci\u00f3n y protesta. &#8220;Que sea ley&#8221;, exigieron. En el marco del debate nacional por la emergencia en discapacidad y en simult\u00e1neo con la sesi\u00f3n en el Congreso que trataba este mi\u00e9rcoles la conversi\u00f3n en ley de ese estado de [&hellip;]<\/p>\n","protected":false},"author":3,"featured_media":63490,"comment_status":"closed","ping_status":"closed","sticky":false,"template":"","format":"standard","meta":{"_joinchat":[],"footnotes":""},"categories":[37,53],"tags":[],"class_list":{"0":"post-63488","1":"post","2":"type-post","3":"status-publish","4":"format-standard","5":"has-post-thumbnail","7":"category-salud","8":"category-vera"},"_links":{"self":[{"href":"https:\/\/infovera.com.ar\/web\/wp-json\/wp\/v2\/posts\/63488","targetHints":{"allow":["GET"]}}],"collection":[{"href":"https:\/\/infovera.com.ar\/web\/wp-json\/wp\/v2\/posts"}],"about":[{"href":"https:\/\/infovera.com.ar\/web\/wp-json\/wp\/v2\/types\/post"}],"author":[{"embeddable":true,"href":"https:\/\/infovera.com.ar\/web\/wp-json\/wp\/v2\/users\/3"}],"replies":[{"embeddable":true,"href":"https:\/\/infovera.com.ar\/web\/wp-json\/wp\/v2\/comments?post=63488"}],"version-history":[{"count":0,"href":"https:\/\/infovera.com.ar\/web\/wp-json\/wp\/v2\/posts\/63488\/revisions"}],"wp:featuredmedia":[{"embeddable":true,"href":"https:\/\/infovera.com.ar\/web\/wp-json\/wp\/v2\/media\/63490"}],"wp:attachment":[{"href":"https:\/\/infovera.com.ar\/web\/wp-json\/wp\/v2\/media?parent=63488"}],"wp:term":[{"taxonomy":"category","embeddable":true,"href":"https:\/\/infovera.com.ar\/web\/wp-json\/wp\/v2\/categories?post=63488"},{"taxonomy":"post_tag","embeddable":true,"href":"https:\/\/infovera.com.ar\/web\/wp-json\/wp\/v2\/tags?post=63488"}],"curies":[{"name":"wp","href":"https:\/\/api.w.org\/{rel}","templated":true}]}}