{"id":63481,"date":"2025-06-04T15:01:49","date_gmt":"2025-06-04T18:01:49","guid":{"rendered":"https:\/\/infovera.com.ar\/web\/?p=63481"},"modified":"2025-06-05T10:38:42","modified_gmt":"2025-06-05T13:38:42","slug":"festram-intensifica-medidas-de-fuerza","status":"publish","type":"post","link":"https:\/\/infovera.com.ar\/web\/2025\/06\/04\/festram-intensifica-medidas-de-fuerza\/","title":{"rendered":"FESTRAM intensifica medidas de fuerza"},"content":{"rendered":"<p>La Federaci\u00f3n de Trabajadores Municipales y Comunales de la Provincia de Santa Fe (FESTRAM) decidi\u00f3 profundizar las medidas de fuerza en respuesta a la falta de convocatoria a la Mesa Paritaria por parte del Gobierno Provincial.<\/p>\n<p>En un plenario con la participaci\u00f3n de 39 sindicatos adheridos, se critic\u00f3 la decisi\u00f3n del gobierno de no convocar a la mesa paritaria, pese a los pedidos de la federaci\u00f3n. Adem\u00e1s, se denunci\u00f3 que algunos intendentes y presidentes comunales decidieron romper la negociaci\u00f3n y pagar un incremento salarial por decreto, lo que fue rechazado por la federaci\u00f3n.<\/p>\n<p>Ante esta situaci\u00f3n, el plenario decidi\u00f3 continuar con el Plan de Lucha hasta que se convoque nuevamente a la mesa paritaria. Las medidas incluyen:<\/p>\n<p>&#8211; Declaraci\u00f3n de Estado de Alerta y Movilizaci\u00f3n<br \/>\n&#8211; Jornadas diarias de protesta con quite de colaboraci\u00f3n<br \/>\n&#8211; Inicio de acciones el lunes 9 de junio con 3 horas diarias de protesta<br \/>\n&#8211; Profundizaci\u00f3n de acciones gremiales en jurisdicciones con descuentos de d\u00edas por reclamos salariales<\/p>\n<p>FESTRAM exigi\u00f3 un di\u00e1logo genuino con el Gobierno Provincial.<\/p>\n","protected":false},"excerpt":{"rendered":"<p>La Federaci\u00f3n de Trabajadores Municipales y Comunales de la Provincia de Santa Fe (FESTRAM) decidi\u00f3 profundizar las medidas de fuerza en respuesta a la falta de convocatoria a la Mesa Paritaria por parte del Gobierno Provincial. En un plenario con la participaci\u00f3n de 39 sindicatos adheridos, se critic\u00f3 la decisi\u00f3n del gobierno de no convocar [&hellip;]<\/p>\n","protected":false},"author":3,"featured_media":63482,"comment_status":"closed","ping_status":"closed","sticky":false,"template":"","format":"standard","meta":{"_joinchat":[],"footnotes":""},"categories":[27,60],"tags":[],"class_list":{"0":"post-63481","1":"post","2":"type-post","3":"status-publish","4":"format-standard","5":"has-post-thumbnail","7":"category-gremiales","8":"category-provinciales"},"_links":{"self":[{"href":"https:\/\/infovera.com.ar\/web\/wp-json\/wp\/v2\/posts\/63481","targetHints":{"allow":["GET"]}}],"collection":[{"href":"https:\/\/infovera.com.ar\/web\/wp-json\/wp\/v2\/posts"}],"about":[{"href":"https:\/\/infovera.com.ar\/web\/wp-json\/wp\/v2\/types\/post"}],"author":[{"embeddable":true,"href":"https:\/\/infovera.com.ar\/web\/wp-json\/wp\/v2\/users\/3"}],"replies":[{"embeddable":true,"href":"https:\/\/infovera.com.ar\/web\/wp-json\/wp\/v2\/comments?post=63481"}],"version-history":[{"count":0,"href":"https:\/\/infovera.com.ar\/web\/wp-json\/wp\/v2\/posts\/63481\/revisions"}],"wp:featuredmedia":[{"embeddable":true,"href":"https:\/\/infovera.com.ar\/web\/wp-json\/wp\/v2\/media\/63482"}],"wp:attachment":[{"href":"https:\/\/infovera.com.ar\/web\/wp-json\/wp\/v2\/media?parent=63481"}],"wp:term":[{"taxonomy":"category","embeddable":true,"href":"https:\/\/infovera.com.ar\/web\/wp-json\/wp\/v2\/categories?post=63481"},{"taxonomy":"post_tag","embeddable":true,"href":"https:\/\/infovera.com.ar\/web\/wp-json\/wp\/v2\/tags?post=63481"}],"curies":[{"name":"wp","href":"https:\/\/api.w.org\/{rel}","templated":true}]}}