{"id":63458,"date":"2025-06-04T08:19:08","date_gmt":"2025-06-04T11:19:08","guid":{"rendered":"https:\/\/infovera.com.ar\/web\/?p=63458"},"modified":"2025-06-04T17:20:28","modified_gmt":"2025-06-04T20:20:28","slug":"rodrigo-alonso-visito-vera-el-mayor-desafio-es-consolidar-este-proyecto-gremial","status":"publish","type":"post","link":"https:\/\/infovera.com.ar\/web\/2025\/06\/04\/rodrigo-alonso-visito-vera-el-mayor-desafio-es-consolidar-este-proyecto-gremial\/","title":{"rendered":"Rodrigo Alonso visit\u00f3 Vera: &#8220;El mayor desaf\u00edo es consolidar este proyecto gremial&#8221;"},"content":{"rendered":"<p>Visit\u00f3 la Delegaci\u00f3n Vera de AMSAFE Rodrigo Alonso, quien lo hizo acompa\u00f1ado por su adjunta Patricia Hern\u00e1ndez en el marco de la campa\u00f1a para las elecciones del pr\u00f3ximo 18 de junio.<\/p>\n<p>Fue recibido por la delegada seccional Nelcy Suligoy, quien finaliza su mandato, acompa\u00f1ada por Soledad Tedini que encabeza la lista departamental de Encuentro Docente, acompa\u00f1ada por los adjuntos Waldemar Cardonatti y Mar\u00eda Cristina Wekid, adem\u00e1s de los dem\u00e1s integrantes de la futura conducci\u00f3n, dado que a nivel departamental hay lista \u00fanica.<\/p>\n<p>El secretario general del gremio docente realiz\u00f3 un resumen de la actual situaci\u00f3n que atraviesa la docencia y proyecto e futuro sobre tres ejes fundamentales: gremial, la formaci\u00f3n y los servicios.<\/p>\n<p>Dijo tambi\u00e9n que &#8220;el sindicato tiene que tener una mirada integral para luchar como lo estamos haciendo, de pie en esta etapa de ajusto, donde el gobierno est\u00e1 incumpliendo el contrato electoral y nos est\u00e1 pulverizando el salario, reformando el sistema jubilatorio, toma medidas sin discutir con los trabajadores y ante eso nosotros nos plantamos&#8221;.<\/p>\n<p>&#8220;El mayor desaf\u00edo que nos queda por delante es consolidar este proyecto gremial&#8221;, concluy\u00f3.<\/p>\n","protected":false},"excerpt":{"rendered":"<p>Visit\u00f3 la Delegaci\u00f3n Vera de AMSAFE Rodrigo Alonso, quien lo hizo acompa\u00f1ado por su adjunta Patricia Hern\u00e1ndez en el marco de la campa\u00f1a para las elecciones del pr\u00f3ximo 18 de junio. Fue recibido por la delegada seccional Nelcy Suligoy, quien finaliza su mandato, acompa\u00f1ada por Soledad Tedini que encabeza la lista departamental de Encuentro Docente, [&hellip;]<\/p>\n","protected":false},"author":3,"featured_media":63459,"comment_status":"closed","ping_status":"closed","sticky":false,"template":"","format":"standard","meta":{"_joinchat":[],"footnotes":""},"categories":[27,53],"tags":[],"class_list":{"0":"post-63458","1":"post","2":"type-post","3":"status-publish","4":"format-standard","5":"has-post-thumbnail","7":"category-gremiales","8":"category-vera"},"_links":{"self":[{"href":"https:\/\/infovera.com.ar\/web\/wp-json\/wp\/v2\/posts\/63458","targetHints":{"allow":["GET"]}}],"collection":[{"href":"https:\/\/infovera.com.ar\/web\/wp-json\/wp\/v2\/posts"}],"about":[{"href":"https:\/\/infovera.com.ar\/web\/wp-json\/wp\/v2\/types\/post"}],"author":[{"embeddable":true,"href":"https:\/\/infovera.com.ar\/web\/wp-json\/wp\/v2\/users\/3"}],"replies":[{"embeddable":true,"href":"https:\/\/infovera.com.ar\/web\/wp-json\/wp\/v2\/comments?post=63458"}],"version-history":[{"count":0,"href":"https:\/\/infovera.com.ar\/web\/wp-json\/wp\/v2\/posts\/63458\/revisions"}],"wp:featuredmedia":[{"embeddable":true,"href":"https:\/\/infovera.com.ar\/web\/wp-json\/wp\/v2\/media\/63459"}],"wp:attachment":[{"href":"https:\/\/infovera.com.ar\/web\/wp-json\/wp\/v2\/media?parent=63458"}],"wp:term":[{"taxonomy":"category","embeddable":true,"href":"https:\/\/infovera.com.ar\/web\/wp-json\/wp\/v2\/categories?post=63458"},{"taxonomy":"post_tag","embeddable":true,"href":"https:\/\/infovera.com.ar\/web\/wp-json\/wp\/v2\/tags?post=63458"}],"curies":[{"name":"wp","href":"https:\/\/api.w.org\/{rel}","templated":true}]}}