{"id":63450,"date":"2025-06-03T16:44:55","date_gmt":"2025-06-03T19:44:55","guid":{"rendered":"https:\/\/infovera.com.ar\/web\/?p=63450"},"modified":"2025-06-04T09:28:04","modified_gmt":"2025-06-04T12:28:04","slug":"el-norte-de-moviliza-para-exigir-que-la-emergencia-en-discapacidad-sea-declarada-ley-por-el-congreso","status":"publish","type":"post","link":"https:\/\/infovera.com.ar\/web\/2025\/06\/03\/el-norte-de-moviliza-para-exigir-que-la-emergencia-en-discapacidad-sea-declarada-ley-por-el-congreso\/","title":{"rendered":"El norte de moviliza para exigir que la emergencia en discapacidad sea declarada ley por el Congreso"},"content":{"rendered":"<p data-start=\"267\" data-end=\"522\"><strong data-start=\"267\" data-end=\"522\">Familiares, personas con discapacidad y prestadores autoconvocados de Reconquista, Avellaneda y Vera convocan a una jornada de visibilizaci\u00f3n y protesta este mi\u00e9rcoles 4 de junio, en el marco del debate nacional por la emergencia en discapacidad.<\/strong><\/p>\n<p data-start=\"267\" data-end=\"522\"><strong>En esta ciudad, a las 10 del mi\u00e9rcoles 4 de junio se llevar\u00e1 a cabo una movilizaci\u00f3n en la intersecci\u00f3n de San Mart\u00edn y Houriet para defender los derechos de las personas con discapacidad.<\/strong><\/p>\n<p data-start=\"524\" data-end=\"907\">En Reconquista, Avellaneda y localidades vecinas, familiares, personas con discapacidad y prestadores del sistema de atenci\u00f3n se organizan para participar de una jornada nacional de movilizaci\u00f3n prevista para el <strong data-start=\"738\" data-end=\"770\">mi\u00e9rcoles 4 de junio de 2025<\/strong>, en reclamo por el <strong data-start=\"790\" data-end=\"845\">grave deterioro del sistema de prestaciones b\u00e1sicas<\/strong> que afecta a una de las poblaciones m\u00e1s vulnerables del pa\u00eds.<\/p>\n<p data-start=\"909\" data-end=\"1328\">Desde hace a\u00f1os, quienes integran este sector vienen denunciando que los <strong data-start=\"982\" data-end=\"1025\">fondos regulados por el Estado nacional<\/strong> no han acompa\u00f1ado el proceso inflacionario, lo que ha derivado en una <strong data-start=\"1096\" data-end=\"1153\">p\u00e9rdida efectiva del acceso a servicios fundamentales<\/strong>. La crisis impacta no solo en las personas con discapacidad, sino tambi\u00e9n en miles de trabajadores y trabajadoras cuyos puestos se han <strong data-start=\"1289\" data-end=\"1327\">precarizado o directamente perdido<\/strong>.<\/p>\n<p data-start=\"1330\" data-end=\"1618\">Actualmente, el sistema atraviesa una situaci\u00f3n <strong data-start=\"1378\" data-end=\"1389\">cr\u00edtica<\/strong>. Seg\u00fan estimaciones de instituciones categorizadas, <strong data-start=\"1442\" data-end=\"1495\">se necesita una recomposici\u00f3n arancelaria del 73%<\/strong> para cubrir los <strong data-start=\"1512\" data-end=\"1548\">costos m\u00ednimos de funcionamiento<\/strong>, una cifra que pone en evidencia el <strong data-start=\"1585\" data-end=\"1617\">colapso operativo del sector<\/strong>.<\/p>\n<p data-start=\"1620\" data-end=\"2041\">Los organizadores de la jornada denuncian un <strong data-start=\"1665\" data-end=\"1728\">brutal desfinanciamiento impulsado por el Gobierno Nacional<\/strong>, que afecta servicios educativos, terap\u00e9uticos, de transporte y de atenci\u00f3n integral. Seg\u00fan explican, estas pol\u00edticas <strong data-start=\"1847\" data-end=\"1890\">ignoran lo establecido en la Ley 24.901<\/strong>, que garantiza el derecho a una cobertura integral para las personas con discapacidad, y <strong data-start=\"1980\" data-end=\"2040\">vulneran principios b\u00e1sicos de equidad y dignidad humana<\/strong>.<\/p>\n<p data-start=\"2043\" data-end=\"2286\">Aunque respaldan la implementaci\u00f3n de <strong data-start=\"2081\" data-end=\"2134\">auditor\u00edas que apunten a mejorar la transparencia<\/strong>, los prestadores rechazan las <strong data-start=\"2165\" data-end=\"2192\">pr\u00e1cticas persecutorias<\/strong> que \u2014afirman\u2014 est\u00e1n generando m\u00e1s sufrimiento a las personas con discapacidad y sus familias.<\/p>\n<p data-start=\"2288\" data-end=\"2732\">La movilizaci\u00f3n se realiza en simult\u00e1neo con el tratamiento en el Congreso de la Naci\u00f3n del <strong data-start=\"2380\" data-end=\"2448\">proyecto de ley que busca declarar la emergencia en discapacidad<\/strong>, una iniciativa que tiene como objetivo asegurar el cumplimiento de la <strong data-start=\"2520\" data-end=\"2586\">Convenci\u00f3n sobre los Derechos de las Personas con Discapacidad<\/strong>, que posee rango constitucional en Argentina. El proyecto contempla la adopci\u00f3n urgente de medidas normativas, institucionales y presupuestarias.<\/p>\n<p data-start=\"2734\" data-end=\"2942\">\u201cDesde Reconquista, Avellaneda y la regi\u00f3n diremos presente\u201d, afirman los convocantes. \u201cExigimos que se escuche a quienes vivimos esta realidad todos los d\u00edas y que la <strong data-start=\"2902\" data-end=\"2940\">emergencia en discapacidad sea ley<\/strong>\u201d.<\/p>\n<p data-start=\"2734\" data-end=\"2942\"><strong>CONCIENTIZACI\u00d3N PARA EL MI\u00c9RCOLES 4 DE JUNIO<\/strong><\/p>\n<p data-start=\"2734\" data-end=\"2942\"><strong>COMUNICADO DE LA CONVOCATORIA<\/strong><\/p>\n<p data-start=\"2734\" data-end=\"2942\">Mi\u00e9rcoles 4 de junio \u2013 10:00 hs<\/p>\n<p data-start=\"2734\" data-end=\"2942\">Nos reuniremos a las 10:00 hs en la Plaza 25 de Mayo, en la esquina de Patricio Diez y General Obligado (Reconquista) donde se organizar\u00e1 el espacio para que los referentes del colectivo puedan dialogar con la prensa y responder consultas.<\/p>\n<p data-start=\"2734\" data-end=\"2942\">Entre las 10:00 y las 11:00 hs, invitamos a toda la comunidad a acercarse, participar y<br \/>\nbrindar su apoyo en defensa de los derechos de las personas con discapacidad. Su presencia es fundamental para visibilizar esta causa que nos involucra a todos.<\/p>\n<p data-start=\"2734\" data-end=\"2942\">A las 11:00 hs, realizaremos una movilizaci\u00f3n vehicular con el objetivo de entregar el parte de prensa y material informativo a diferentes organismos p\u00fablicos y representantes del poder pol\u00edtico, solicitando su compromiso real y urgente con la defensa de los derechos de las personas con discapacidad.<\/p>\n<p data-start=\"2734\" data-end=\"2942\"><strong>Los puntos del recorrido ser\u00e1n comunicados a continuaci\u00f3n.<\/strong><br \/>\n\uf0b7 Municipalidad de Reconquista<br \/>\n\uf0b7 Oficina INSSJP Reconquista (PAMI)<br \/>\n\uf0b7 IAPOS Reconquista<br \/>\n\uf0b7 Concejo deliberante Reconquista<br \/>\n\uf0b7 Defensor\u00eda de pueblo<br \/>\n\uf0b7 Municipalidad de Avellaneda<br \/>\n\uf0b7 Oficina del Senador Orfilio Marc\u00f3n<\/p>\n<p data-start=\"2734\" data-end=\"2942\"><strong>Recorrido en veh\u00edculo<\/strong><\/p>\n<p data-start=\"2734\" data-end=\"2942\">Partimos de Patricio Diez y Gral. Obligado, Salimos por Gral. Obligado hacia el sur y damos una vuelta completa a la plaza 25 de mayo. Retomamos Gral. Obligado y vamos hasta Rivadavia, doblamos a la izquierda, tomamos calle San Mart\u00edn y pasamos frente a la municipalidad de Reconquista y las oficinas del PAMI, doblamos en Iriondo, doblamos en Ludue\u00f1a y tomamos por General L\u00f3pez para pasar frente al IAPOS. Luego doblamos en calle Belgrano hasta Patricio Diez, doblamos a la izquierda y vamos a la defensor\u00eda del pueblo. Seguimos hasta Olessio y giramos a la izquierda para pasar por el Consejo Deliberante. Seguimos hasta Habegger y doblamos hacia Hip\u00f3lito Irigoyen hacia Avellaneda. Ingresamos por calle San Martin hasta la plaza 9 de Julio y la rodeamos hacia la derecha para detenernos en la municipalidad de Avellaneda. Seguimos por calle 12 hasta calle 21 y por \u00faltimo nos detenemos en la oficina del Senador Orfilio Marc\u00f3n. Nos<br \/>\ndesconcentramos<\/p>\n","protected":false},"excerpt":{"rendered":"<p>Familiares, personas con discapacidad y prestadores autoconvocados de Reconquista, Avellaneda y Vera convocan a una jornada de visibilizaci\u00f3n y protesta este mi\u00e9rcoles 4 de junio, en el marco del debate nacional por la emergencia en discapacidad. En esta ciudad, a las 10 del mi\u00e9rcoles 4 de junio se llevar\u00e1 a cabo una movilizaci\u00f3n en la [&hellip;]<\/p>\n","protected":false},"author":3,"featured_media":63451,"comment_status":"closed","ping_status":"closed","sticky":false,"template":"","format":"standard","meta":{"_joinchat":[],"footnotes":""},"categories":[51,37,36],"tags":[],"class_list":{"0":"post-63450","1":"post","2":"type-post","3":"status-publish","4":"format-standard","5":"has-post-thumbnail","7":"category-locales","8":"category-salud","9":"category-sociedad"},"_links":{"self":[{"href":"https:\/\/infovera.com.ar\/web\/wp-json\/wp\/v2\/posts\/63450","targetHints":{"allow":["GET"]}}],"collection":[{"href":"https:\/\/infovera.com.ar\/web\/wp-json\/wp\/v2\/posts"}],"about":[{"href":"https:\/\/infovera.com.ar\/web\/wp-json\/wp\/v2\/types\/post"}],"author":[{"embeddable":true,"href":"https:\/\/infovera.com.ar\/web\/wp-json\/wp\/v2\/users\/3"}],"replies":[{"embeddable":true,"href":"https:\/\/infovera.com.ar\/web\/wp-json\/wp\/v2\/comments?post=63450"}],"version-history":[{"count":0,"href":"https:\/\/infovera.com.ar\/web\/wp-json\/wp\/v2\/posts\/63450\/revisions"}],"wp:featuredmedia":[{"embeddable":true,"href":"https:\/\/infovera.com.ar\/web\/wp-json\/wp\/v2\/media\/63451"}],"wp:attachment":[{"href":"https:\/\/infovera.com.ar\/web\/wp-json\/wp\/v2\/media?parent=63450"}],"wp:term":[{"taxonomy":"category","embeddable":true,"href":"https:\/\/infovera.com.ar\/web\/wp-json\/wp\/v2\/categories?post=63450"},{"taxonomy":"post_tag","embeddable":true,"href":"https:\/\/infovera.com.ar\/web\/wp-json\/wp\/v2\/tags?post=63450"}],"curies":[{"name":"wp","href":"https:\/\/api.w.org\/{rel}","templated":true}]}}