{"id":63443,"date":"2025-06-03T17:01:02","date_gmt":"2025-06-03T20:01:02","guid":{"rendered":"https:\/\/infovera.com.ar\/web\/?p=63443"},"modified":"2025-06-04T17:20:59","modified_gmt":"2025-06-04T20:20:59","slug":"hallaron-un-proyectil-de-artilleria-en-una-escuela-de-san-justo","status":"publish","type":"post","link":"https:\/\/infovera.com.ar\/web\/2025\/06\/03\/hallaron-un-proyectil-de-artilleria-en-una-escuela-de-san-justo\/","title":{"rendered":"Hallaron un proyectil de artiller\u00eda en una escuela de San Justo"},"content":{"rendered":"<p>En la tarde de hoy, numerarios de la Brigada de Explosivos de la Unidad Regional I &#8211; Depto. La Capital, intervinieron de manera r\u00e1pida y propicia en un procedimiento concretado en la Escuela Normal Nacional Superior N\u00b0 31 &#8220;Rep\u00fablica de M\u00e9xico&#8221;, sita en Av. Iriondo al 3200, de la urbe sanjustina, donde momentos antes personal del mencionado establecimiento educativo habr\u00eda alertado a la Central de Emergencias 911 sobre el hallazgo de un presunto artefacto explosivo, ubicado dentro de un dep\u00f3sito de la citada instituci\u00f3n escolar.<\/p>\n<p>Ante tales circunstancias, los numerarios arribaron al lugar donde aplicaron el protocolo de resguardo,<strong> a los fines de constatar la probable peligrosidad del objeto que se inicia por impacto y se encontraba activo, seg\u00fan advirtieron los brigadistas.<\/strong> Tras un expedito accionar, un grupo de actuantes de la mencionada Brigada procedieron a iniciar las t\u00e9cnicas espec\u00edficas para verificar el proyectil donde presuntamente estar\u00eda el material explosivo.<\/p>\n<p><strong>En efecto, realizaron sus tareas inherentes y retiraron el proyectil en condiciones seguras, y evitar as\u00ed todo tipo de peligro alguno, para luego trasladar a su sede policial donde proceder\u00edan a efectuar el desguace y pericias correspondientes.<\/strong><\/p>\n<p>Asimismo, una vez culminadas las tareas pertinentes a dicha labor espec\u00edfica, los polic\u00edas inspeccionaron minuciosamente todas las \u00e1reas de la escuela con la finalidad de evacuar toda posibilidad de encontrar otro artefacto de similares condiciones, pero no hallar\u00edan elemento alguno y dejar\u00edan seguro el lugar a la Sra. Directora, all\u00ed presente. Finalmente, cabe destacar que las referidas novedades fueron comunicadas a la Fiscal\u00eda en turno.<\/p>\n<p><a href=\"https:\/\/infovera.com.ar\/web\/wp-content\/uploads\/2025\/06\/proy.png\"><img loading=\"lazy\" decoding=\"async\" class=\"alignleft size-full wp-image-63445\" src=\"https:\/\/infovera.com.ar\/web\/wp-content\/uploads\/2025\/06\/proy.png\" alt=\"\" width=\"1200\" height=\"833\" srcset=\"https:\/\/infovera.com.ar\/web\/wp-content\/uploads\/2025\/06\/proy.png 1200w, https:\/\/infovera.com.ar\/web\/wp-content\/uploads\/2025\/06\/proy-218x150.png 218w, https:\/\/infovera.com.ar\/web\/wp-content\/uploads\/2025\/06\/proy-696x483.png 696w, https:\/\/infovera.com.ar\/web\/wp-content\/uploads\/2025\/06\/proy-1068x741.png 1068w, https:\/\/infovera.com.ar\/web\/wp-content\/uploads\/2025\/06\/proy-605x420.png 605w, https:\/\/infovera.com.ar\/web\/wp-content\/uploads\/2025\/06\/proy-100x70.png 100w\" sizes=\"auto, (max-width: 1200px) 100vw, 1200px\" \/><\/a><\/p>\n","protected":false},"excerpt":{"rendered":"<p>En la tarde de hoy, numerarios de la Brigada de Explosivos de la Unidad Regional I &#8211; Depto. La Capital, intervinieron de manera r\u00e1pida y propicia en un procedimiento concretado en la Escuela Normal Nacional Superior N\u00b0 31 &#8220;Rep\u00fablica de M\u00e9xico&#8221;, sita en Av. Iriondo al 3200, de la urbe sanjustina, donde momentos antes personal [&hellip;]<\/p>\n","protected":false},"author":3,"featured_media":63444,"comment_status":"closed","ping_status":"closed","sticky":false,"template":"","format":"standard","meta":{"_joinchat":[],"footnotes":""},"categories":[30,61],"tags":[],"class_list":{"0":"post-63443","1":"post","2":"type-post","3":"status-publish","4":"format-standard","5":"has-post-thumbnail","7":"category-policiales","8":"category-regionales"},"_links":{"self":[{"href":"https:\/\/infovera.com.ar\/web\/wp-json\/wp\/v2\/posts\/63443","targetHints":{"allow":["GET"]}}],"collection":[{"href":"https:\/\/infovera.com.ar\/web\/wp-json\/wp\/v2\/posts"}],"about":[{"href":"https:\/\/infovera.com.ar\/web\/wp-json\/wp\/v2\/types\/post"}],"author":[{"embeddable":true,"href":"https:\/\/infovera.com.ar\/web\/wp-json\/wp\/v2\/users\/3"}],"replies":[{"embeddable":true,"href":"https:\/\/infovera.com.ar\/web\/wp-json\/wp\/v2\/comments?post=63443"}],"version-history":[{"count":0,"href":"https:\/\/infovera.com.ar\/web\/wp-json\/wp\/v2\/posts\/63443\/revisions"}],"wp:featuredmedia":[{"embeddable":true,"href":"https:\/\/infovera.com.ar\/web\/wp-json\/wp\/v2\/media\/63444"}],"wp:attachment":[{"href":"https:\/\/infovera.com.ar\/web\/wp-json\/wp\/v2\/media?parent=63443"}],"wp:term":[{"taxonomy":"category","embeddable":true,"href":"https:\/\/infovera.com.ar\/web\/wp-json\/wp\/v2\/categories?post=63443"},{"taxonomy":"post_tag","embeddable":true,"href":"https:\/\/infovera.com.ar\/web\/wp-json\/wp\/v2\/tags?post=63443"}],"curies":[{"name":"wp","href":"https:\/\/api.w.org\/{rel}","templated":true}]}}