{"id":63435,"date":"2025-06-03T10:47:52","date_gmt":"2025-06-03T13:47:52","guid":{"rendered":"https:\/\/infovera.com.ar\/web\/?p=63435"},"modified":"2025-06-04T09:03:32","modified_gmt":"2025-06-04T12:03:32","slug":"la-alcaidia-de-vera-seguira-funcionando-pero-la-mitad-de-su-personal-pasara-a-tareas-de-patrullaje","status":"publish","type":"post","link":"https:\/\/infovera.com.ar\/web\/2025\/06\/03\/la-alcaidia-de-vera-seguira-funcionando-pero-la-mitad-de-su-personal-pasara-a-tareas-de-patrullaje\/","title":{"rendered":"La alcaid\u00eda de Vera seguir\u00e1 funcionando, pero la mitad de su personal pasa a tareas de patrullaje"},"content":{"rendered":"<p><span class=\"cursor-pointer group\" title=\"Reproducir desde 0:00\"><span class=\"group-hover:bg-base-200 rounded p-0.5 -m-0.5\" data-start=\"260\" data-end=\"17960\">El centro de detenci\u00f3n de la Unidad Regional XIX continuar\u00e1 prestando el servicio de alojamiento de detenidos.<\/span><\/span><\/p>\n<p><span class=\"cursor-pointer group\" title=\"Reproducir desde 0:00\"><span class=\"group-hover:bg-base-200 rounded p-0.5 -m-0.5\" data-start=\"260\" data-end=\"17960\">En la jornada del lunes, 53 detenidos fueron trasladados a los nuevos pabellones que inaugur\u00f3 el gobernador Pullaro en Santa Felicia.<\/span><\/span><\/p>\n<p><strong><span class=\"cursor-pointer group\" title=\"Reproducir desde 0:00\"><span class=\"group-hover:bg-base-200 rounded p-0.5 -m-0.5\" data-start=\"260\" data-end=\"17960\">Solo quedaron alojadas 4 mujeres en la alcaid\u00eda verense.<\/span><\/span><\/strong><\/p>\n<p><span class=\"cursor-pointer group\" title=\"Reproducir desde 0:00\"><span class=\"group-hover:bg-base-200 rounded p-0.5 -m-0.5\" data-start=\"260\" data-end=\"17960\">Ante la consulta del futuro de su funcionamiento, fuentes de la jefatura departamental dejaron en claro que <strong>&#8220;no se cierra la alcaid\u00eda,<\/strong><\/span><\/span> <span class=\"cursor-pointer group\" title=\"Reproducir desde 0:18\"><span class=\"group-hover:bg-base-200 rounded p-0.5 -m-0.5\" data-start=\"18100\" data-end=\"23260\"><strong>la alcaid\u00eda va a continuar funcionando&#8221;,<\/strong> aunque admitieron que &#8220;todav\u00eda no sabemos bien c\u00f3mo va a ser el tema de los nuevos<\/span><\/span><span class=\"opacity-80 text-sm\" data-timestamp=\"\">\u00a0<\/span><span class=\"cursor-pointer group\" title=\"Reproducir desde 0:23\"><span class=\"group-hover:bg-base-200 rounded p-0.5 -m-0.5\" data-start=\"23260\" data-end=\"36260\">ingresos&#8221;.<\/span><\/span><\/p>\n<p><span class=\"cursor-pointer group\" title=\"Reproducir desde 0:23\"><span class=\"group-hover:bg-base-200 rounded p-0.5 -m-0.5\" data-start=\"23260\" data-end=\"36260\">Paralelamente, detallaron que &#8220;por el momento se sac\u00f3 la mitad del personal que pasa a prestar servicio moment\u00e1neamente<\/span><\/span><span class=\"opacity-80 text-sm\" data-timestamp=\"\">\u00a0<\/span><span class=\"cursor-pointer group\" title=\"Reproducir desde 0:37\"><span class=\"group-hover:bg-base-200 rounded p-0.5 -m-0.5\" data-start=\"36840\" data-end=\"42520\">en la Agrupaci\u00f3n Cuerpos&#8221;, en tareas de patrullaje urbano.<\/span><\/span><\/p>\n<p><strong>Casi 200 presos<\/strong><\/p>\n<p>Desde ayer y con la inauguraci\u00f3n de los pabellones N\u00ba 8 y N\u00ba 9 de la Unidad Penitenciaria N\u00ba 10 de Santa Felicia, 199 internos alojados en comisar\u00edas de las Unidades Regionales de Garay, General Obligado, 9 de Julio, San Crist\u00f3bal, San Javier, San Justo y Vera, comenzaron a llegar a la c\u00e1rcel norte\u00f1a. Las nuevas instalaciones tienen capacidad para 200 reclusos, lo que eleva a 622 las plazas disponibles en esa unidad.<\/p>\n","protected":false},"excerpt":{"rendered":"<p>El centro de detenci\u00f3n de la Unidad Regional XIX continuar\u00e1 prestando el servicio de alojamiento de detenidos. En la jornada del lunes, 53 detenidos fueron trasladados a los nuevos pabellones que inaugur\u00f3 el gobernador Pullaro en Santa Felicia. Solo quedaron alojadas 4 mujeres en la alcaid\u00eda verense. Ante la consulta del futuro de su funcionamiento, [&hellip;]<\/p>\n","protected":false},"author":3,"featured_media":63436,"comment_status":"closed","ping_status":"closed","sticky":false,"template":"","format":"standard","meta":{"_joinchat":[],"footnotes":""},"categories":[53],"tags":[],"class_list":{"0":"post-63435","1":"post","2":"type-post","3":"status-publish","4":"format-standard","5":"has-post-thumbnail","7":"category-vera"},"_links":{"self":[{"href":"https:\/\/infovera.com.ar\/web\/wp-json\/wp\/v2\/posts\/63435","targetHints":{"allow":["GET"]}}],"collection":[{"href":"https:\/\/infovera.com.ar\/web\/wp-json\/wp\/v2\/posts"}],"about":[{"href":"https:\/\/infovera.com.ar\/web\/wp-json\/wp\/v2\/types\/post"}],"author":[{"embeddable":true,"href":"https:\/\/infovera.com.ar\/web\/wp-json\/wp\/v2\/users\/3"}],"replies":[{"embeddable":true,"href":"https:\/\/infovera.com.ar\/web\/wp-json\/wp\/v2\/comments?post=63435"}],"version-history":[{"count":0,"href":"https:\/\/infovera.com.ar\/web\/wp-json\/wp\/v2\/posts\/63435\/revisions"}],"wp:featuredmedia":[{"embeddable":true,"href":"https:\/\/infovera.com.ar\/web\/wp-json\/wp\/v2\/media\/63436"}],"wp:attachment":[{"href":"https:\/\/infovera.com.ar\/web\/wp-json\/wp\/v2\/media?parent=63435"}],"wp:term":[{"taxonomy":"category","embeddable":true,"href":"https:\/\/infovera.com.ar\/web\/wp-json\/wp\/v2\/categories?post=63435"},{"taxonomy":"post_tag","embeddable":true,"href":"https:\/\/infovera.com.ar\/web\/wp-json\/wp\/v2\/tags?post=63435"}],"curies":[{"name":"wp","href":"https:\/\/api.w.org\/{rel}","templated":true}]}}