{"id":63430,"date":"2025-06-03T09:55:55","date_gmt":"2025-06-03T12:55:55","guid":{"rendered":"https:\/\/infovera.com.ar\/web\/?p=63430"},"modified":"2025-06-04T09:03:59","modified_gmt":"2025-06-04T12:03:59","slug":"un-hombre-sufrio-un-corte-abdominal-podaba-un-arbol-con-una-amoladora","status":"publish","type":"post","link":"https:\/\/infovera.com.ar\/web\/2025\/06\/03\/un-hombre-sufrio-un-corte-abdominal-podaba-un-arbol-con-una-amoladora\/","title":{"rendered":"Un hombre sufri\u00f3 un corte abdominal podaba un \u00e1rbol con una amoladora"},"content":{"rendered":"<p><strong>Accidente dom\u00e9stico en Reconquista.<\/strong><\/p>\n<p>Un hombre de 49 a\u00f1os fue trasladado de urgencia al Hospital Regional de Reconquista luego de sufrir un accidente dom\u00e9stico mientras realizaba tareas de poda.<\/p>\n<p>El hecho ocurri\u00f3 alrededor de las 18:50 horas, en un domicilio ubicado en calle 115 al 900, hasta donde se traslad\u00f3 personal del Comando Radioel\u00e9ctrico tras recibir el aviso a trav\u00e9s del sistema de emergencias 911.<\/p>\n<p>Al arribar al lugar, los efectivos se entrevistaron con un hombre de 60 a\u00f1os, quien inform\u00f3 que su vecino, domiciliado en calle 49, se encontraba podando un \u00e1rbol con una amoladora cuando, debido a una mala maniobra, sufri\u00f3 un corte profundo en la zona abdominal.<\/p>\n<p>Minutos despu\u00e9s se hizo presente una unidad sanitaria del 107, que procedi\u00f3 al traslado inmediato de la v\u00edctima al hospital para su atenci\u00f3n m\u00e9dica.<\/p>\n<p>Se investigan las circunstancias del hecho, aunque todo indica que se trat\u00f3 de un accidente dom\u00e9stico.<\/p>\n","protected":false},"excerpt":{"rendered":"<p>Accidente dom\u00e9stico en Reconquista. Un hombre de 49 a\u00f1os fue trasladado de urgencia al Hospital Regional de Reconquista luego de sufrir un accidente dom\u00e9stico mientras realizaba tareas de poda. El hecho ocurri\u00f3 alrededor de las 18:50 horas, en un domicilio ubicado en calle 115 al 900, hasta donde se traslad\u00f3 personal del Comando Radioel\u00e9ctrico tras [&hellip;]<\/p>\n","protected":false},"author":3,"featured_media":63431,"comment_status":"closed","ping_status":"closed","sticky":false,"template":"","format":"standard","meta":{"_joinchat":[],"footnotes":""},"categories":[30,61],"tags":[],"class_list":{"0":"post-63430","1":"post","2":"type-post","3":"status-publish","4":"format-standard","5":"has-post-thumbnail","7":"category-policiales","8":"category-regionales"},"_links":{"self":[{"href":"https:\/\/infovera.com.ar\/web\/wp-json\/wp\/v2\/posts\/63430","targetHints":{"allow":["GET"]}}],"collection":[{"href":"https:\/\/infovera.com.ar\/web\/wp-json\/wp\/v2\/posts"}],"about":[{"href":"https:\/\/infovera.com.ar\/web\/wp-json\/wp\/v2\/types\/post"}],"author":[{"embeddable":true,"href":"https:\/\/infovera.com.ar\/web\/wp-json\/wp\/v2\/users\/3"}],"replies":[{"embeddable":true,"href":"https:\/\/infovera.com.ar\/web\/wp-json\/wp\/v2\/comments?post=63430"}],"version-history":[{"count":0,"href":"https:\/\/infovera.com.ar\/web\/wp-json\/wp\/v2\/posts\/63430\/revisions"}],"wp:featuredmedia":[{"embeddable":true,"href":"https:\/\/infovera.com.ar\/web\/wp-json\/wp\/v2\/media\/63431"}],"wp:attachment":[{"href":"https:\/\/infovera.com.ar\/web\/wp-json\/wp\/v2\/media?parent=63430"}],"wp:term":[{"taxonomy":"category","embeddable":true,"href":"https:\/\/infovera.com.ar\/web\/wp-json\/wp\/v2\/categories?post=63430"},{"taxonomy":"post_tag","embeddable":true,"href":"https:\/\/infovera.com.ar\/web\/wp-json\/wp\/v2\/tags?post=63430"}],"curies":[{"name":"wp","href":"https:\/\/api.w.org\/{rel}","templated":true}]}}