{"id":63427,"date":"2025-06-03T09:52:49","date_gmt":"2025-06-03T12:52:49","guid":{"rendered":"https:\/\/infovera.com.ar\/web\/?p=63427"},"modified":"2025-06-03T09:52:49","modified_gmt":"2025-06-03T12:52:49","slug":"samco-de-villa-ocampo-jornada-practica-sobre-emergencias-pediatricas","status":"publish","type":"post","link":"https:\/\/infovera.com.ar\/web\/2025\/06\/03\/samco-de-villa-ocampo-jornada-practica-sobre-emergencias-pediatricas\/","title":{"rendered":"Samco de Villa Ocampo: jornada pr\u00e1ctica sobre emergencias pedi\u00e1tricas"},"content":{"rendered":"<p><strong>La capacitaci\u00f3n, destinada al personal del servicio de guardia, reuni\u00f3 a profesionales del Samco, centros de salud de la zona y de Las Toscas. Se abordaron situaciones cr\u00edticas frecuentes en la atenci\u00f3n de ni\u00f1os y se realiz\u00f3 una pr\u00e1ctica intensiva de RCP pedi\u00e1trico. La actividad se enmarca en el proceso integral de fortalecimiento del efector del norte santafesino.<\/strong><\/p>\n<p>En el marco del plan de mejora integral de los procesos de atenci\u00f3n que impulsa el Ministerio de Salud de la provincia en el SAMCo de Villa Ocampo, se realiz\u00f3 una jornada pr\u00e1ctica destinada a fortalecer las capacidades del personal en situaciones de emergencia pedi\u00e1trica. La capacitaci\u00f3n se llev\u00f3 a cabo en el Complejo Social y Deportivo ARNO y estuvo dirigida principalmente al equipo del servicio de guardia, con la participaci\u00f3n de m\u00e9dicos y enfermeros, adem\u00e1s de profesionales de otros servicios del hospital, centros de salud de la regi\u00f3n y de la localidad de Las Toscas.<\/p>\n<p>Durante el encuentro se abordaron contenidos clave para la atenci\u00f3n de ni\u00f1os en situaciones cr\u00edticas, como la valoraci\u00f3n sistem\u00e1tica en emergencias, los principales s\u00edndromes que pueden derivar en insuficiencia cardiocirculatoria o paro card\u00edaco \u2013emergencias respiratorias, shock y arritmias\u2013, y se realiz\u00f3 una pr\u00e1ctica intensiva sobre reanimaci\u00f3n cardiopulmonar (RCP) pedi\u00e1trica.<\/p>\n<p>Acompa\u00f1aron esta instancia la directora de la Regi\u00f3n de Salud &#8211; Nodo Reconquista, Luciana Ramoa; y el director del efector, Daniel Velozo.<\/p>\n<p><strong>Proceso de trabajo<\/strong><\/p>\n<p>Esta instancia forma parte de un proceso iniciado en abril, cuando el Ministerio de Salud anticip\u00f3 el comienzo de un trabajo sostenido con los distintos servicios del SAMCo de Villa Ocampo, en articulaci\u00f3n con equipos t\u00e9cnicos y profesionales provenientes de hospitales de Santa Fe y Rosario. El objetivo es revisar y fortalecer los procesos de atenci\u00f3n en tres \u00e1reas prioritarias: guardia, pediatr\u00eda y obstetricia, con especial foco en la implementaci\u00f3n del triage como herramienta para ordenar la demanda y mejorar la calidad del acceso.<\/p>\n<p>La primera etapa de este trabajo tuvo lugar en abril con la presencia de equipos de gesti\u00f3n del Ministerio, que acompa\u00f1aron al personal m\u00e9dico y de enfermer\u00eda del hospital durante una jornada nocturna en el servicio de guardia, para observar el funcionamiento y relevar las principales dificultades. Posteriormente, se realizaron actividades espec\u00edficas con el servicio de pediatr\u00eda.<\/p>\n<p>Como parte de esta misma l\u00ednea de acci\u00f3n, los d\u00edas 12 y 13 de mayo se llev\u00f3 a cabo una capacitaci\u00f3n te\u00f3rico-pr\u00e1ctica sobre el m\u00e9todo de triage y t\u00e9cnicas de enfermer\u00eda en guardia e internaci\u00f3n. Todas estas instancias tienen como meta mejorar la organizaci\u00f3n interna, optimizar los circuitos de atenci\u00f3n y fortalecer la capacidad resolutiva del efector local, en articulaci\u00f3n con otros niveles del sistema de salud de la regi\u00f3n.<\/p>\n<p>El proceso contin\u00faa con actividades formativas y de acompa\u00f1amiento t\u00e9cnico, centradas en promover buenas pr\u00e1cticas cl\u00ednicas y fortalecer el trabajo en red entre el Samco de Villa Ocampo, los centros de atenci\u00f3n primaria y los hospitales de referencia del norte provincial.<\/p>\n","protected":false},"excerpt":{"rendered":"<p>La capacitaci\u00f3n, destinada al personal del servicio de guardia, reuni\u00f3 a profesionales del Samco, centros de salud de la zona y de Las Toscas. Se abordaron situaciones cr\u00edticas frecuentes en la atenci\u00f3n de ni\u00f1os y se realiz\u00f3 una pr\u00e1ctica intensiva de RCP pedi\u00e1trico. La actividad se enmarca en el proceso integral de fortalecimiento del efector [&hellip;]<\/p>\n","protected":false},"author":3,"featured_media":63428,"comment_status":"closed","ping_status":"closed","sticky":false,"template":"","format":"standard","meta":{"_joinchat":[],"footnotes":""},"categories":[61,37],"tags":[],"class_list":{"0":"post-63427","1":"post","2":"type-post","3":"status-publish","4":"format-standard","5":"has-post-thumbnail","7":"category-regionales","8":"category-salud"},"_links":{"self":[{"href":"https:\/\/infovera.com.ar\/web\/wp-json\/wp\/v2\/posts\/63427","targetHints":{"allow":["GET"]}}],"collection":[{"href":"https:\/\/infovera.com.ar\/web\/wp-json\/wp\/v2\/posts"}],"about":[{"href":"https:\/\/infovera.com.ar\/web\/wp-json\/wp\/v2\/types\/post"}],"author":[{"embeddable":true,"href":"https:\/\/infovera.com.ar\/web\/wp-json\/wp\/v2\/users\/3"}],"replies":[{"embeddable":true,"href":"https:\/\/infovera.com.ar\/web\/wp-json\/wp\/v2\/comments?post=63427"}],"version-history":[{"count":0,"href":"https:\/\/infovera.com.ar\/web\/wp-json\/wp\/v2\/posts\/63427\/revisions"}],"wp:featuredmedia":[{"embeddable":true,"href":"https:\/\/infovera.com.ar\/web\/wp-json\/wp\/v2\/media\/63428"}],"wp:attachment":[{"href":"https:\/\/infovera.com.ar\/web\/wp-json\/wp\/v2\/media?parent=63427"}],"wp:term":[{"taxonomy":"category","embeddable":true,"href":"https:\/\/infovera.com.ar\/web\/wp-json\/wp\/v2\/categories?post=63427"},{"taxonomy":"post_tag","embeddable":true,"href":"https:\/\/infovera.com.ar\/web\/wp-json\/wp\/v2\/tags?post=63427"}],"curies":[{"name":"wp","href":"https:\/\/api.w.org\/{rel}","templated":true}]}}