{"id":63394,"date":"2025-06-02T11:29:31","date_gmt":"2025-06-02T14:29:31","guid":{"rendered":"https:\/\/infovera.com.ar\/web\/?p=63394"},"modified":"2025-06-03T14:28:56","modified_gmt":"2025-06-03T17:28:56","slug":"vera-que-se-puede-prevenir-y-que-no","status":"publish","type":"post","link":"https:\/\/infovera.com.ar\/web\/2025\/06\/02\/vera-que-se-puede-prevenir-y-que-no\/","title":{"rendered":"Frente a los casos de Bah\u00eda Blanca, Z\u00e1rate y Vera: \u00bfQu\u00e9 se puede prevenir y qu\u00e9 no?"},"content":{"rendered":"<p><strong>Tres especialistas de la FICH (UNL) aportan conceptos para comprender lo que ocurri\u00f3 y lo que puede suceder. Recomiendan planes de desag\u00fces que se adapten a cambios urbanos y pol\u00edticas de uso de suelo, pero tambi\u00e9n concientizaci\u00f3n social y un abordaje de sistema como cuenca.<\/strong><\/p>\n<p>Bah\u00eda Blanca en marzo (290 mm en 12 horas); Z\u00e1rate-Campana y su zona de influencia (260 mm. en pocas horas), en mayo; y apenas unos d\u00edas atr\u00e1s, Vera (420 mm. en 12 horas), en el norte de la provincia de Santa Fe. \u00bfQu\u00e9 tienen en com\u00fan los tres episodios? &#8220;Son considerados fen\u00f3menos clim\u00e1ticos extremos&#8221;. &#8220;est\u00e1n concentrados en un \u00e1rea peque\u00f1a y son muy persistentes&#8221;. Y si bien ahora tuvieron esta localizaci\u00f3n geogr\u00e1fica &#8220;pueden ocurrir en cualquier lugar&#8221;. De hecho, tambi\u00e9n en \u00e1reas no urbanizadas donde, al no afectar vidas humanas y bienes, tienen menor trascendencia p\u00fablica.<\/p>\n<p>As\u00ed lo afirman Carlos Paoli, Felipe Franco y Viviana Zucarelli, investigadores y docentes de la Facultad de Ciencias H\u00eddricas de la\u00a0Universidad Nacional del Litoral. El di\u00e1logo con este diario se convierte en una suerte de clase did\u00e1ctica para repasar conceptos que permitan comprender estos fen\u00f3menos, pero tambi\u00e9n para acercar sugerencias y propuestas.<br \/>\nEn definitiva, el conjunto pone en valor, una vez m\u00e1s, a la Universidad p\u00fablica a la que hace pocos d\u00edas se le ped\u00eda respuestas y pron\u00f3sticos sobre la sequ\u00eda y ahora debe aportar su expertisse en un fen\u00f3meno opuesto.<\/p>\n<p><strong>La nota est\u00e1 organizada en tres bloques con la opini\u00f3n y el aporte de cada especialista. <\/strong><strong>\u00bfEst\u00e1n preparadas las ciudades?<\/strong><\/p>\n<p>Felipe Franco (Vicedecano de la Facultad de Ingenier\u00eda H\u00eddrica-UNL y ex secretario municipal de Desarrollo Urbano y Gesti\u00f3n H\u00eddrica): Venimos de un per\u00edodo de seca y una concentraci\u00f3n de actividades humanas que cambian la atm\u00f3sfera. Estos eventos repentinos no son propios de ac\u00e1 sino que se han dado en otros lugares, como Espa\u00f1a (Valencia, noviembre de 2024). A su vez hay un momento en que se deposita en una zona y a pocos kil\u00f3metros ocurre un fen\u00f3meno normal.<\/p>\n<p>Eso nos indica que algo est\u00e1 cambiando en los movimientos de la atm\u00f3sfera y tenemos que pensar que la poluci\u00f3n y algunos malos enfoques de la actividad humana generan alteraciones.<\/p>\n<p>Lo que si podemos empezar a pensar es c\u00f3mo est\u00e1n preparadas las ciudades para ese evento. No hay ninguna ciudad que pueda decir que tiene todos los desag\u00fces realizados: algunas tienen planes maestros realizados, otras con posibilidades de llevarlos adelante y otrasno. Pero para lluvias normales, en general las ciudades funcionan.<\/p>\n<p>En la ciudad de Santa Fe todav\u00eda no est\u00e1 terminado el Plan Director, hay refuerzos que se est\u00e1n previendo pero en lluvias relativamente normales la ciudad desagua y funciona.<br \/>\n<strong>Ahora, para el caso de una lluvia de 400 mm. en 6 horas como fue en Vera, no hay ninguna ciudad que lo pueda soportar.<\/strong> Y pas\u00f3 en Bah\u00eda Blanca, San Antonio de Areco y, antes, en Valencia (Espa\u00f1a), Porto Alegre (Brasil) entre otros. Estas precipitaciones pueden ser muy intensas en corto tiempo. Y son las altas intensidades las que no pueden soportar los sistemas de desag\u00fces.<\/p>\n<p>En la ciudad de Santa Fe, desde el 2007 a la fecha se avanz\u00f3 en el desarrollo de los troncales de drenaje pero faltan otras obras de esa magnitud y desag\u00fces secundarios para decir que se tiene un sistema desarrollado. Eso no implica que una lluvia de este tipo no va a traer inconvenientes; hay que tratar de que ese inconveniente afecte a la calzada y no a los domicilios. Pero va a depender del poder de polic\u00eda de los municipios y de la provincia en cuanto a los lugares de ocupaci\u00f3n permitidos y de un plan alternativo de viviendas para sectores de poco poder adquisitivo, que son los que siempre terminan afectados.<\/p>\n<p><strong>&#8211; \u00bfAprendimos algo despu\u00e9s de la inundaci\u00f3n de 2003?<\/strong><\/p>\n<p>&#8211; Aprendimos y avanzamos en muchas cosas. Pero lo que todav\u00eda no se comprende es que una obra no termina con el problema: el problema sigue existiendo porque la amenaza sigue presente. No se trata solamente de tener un desag\u00fce sino de mantenerlo y de contar con recursos privados y estatales para los trabajos complementarios. La Municipalidad avanz\u00f3 con normativas, como los retardadores pluviales para mitigar las altas intensidades, pero no est\u00e1n totalmente desarrollados. Y el tema de la basura no deja de ser un elemento a tener en cuenta.<\/p>\n<p>Tenemos una crisis de agua potable, pero si hacemos cosecha de agua, disminuimos el volumen que tiramos a la calle y se podr\u00edan mitigar los efectos de lluvias intensas.<br \/>\n\u00bfHemos aprendido? Si. \u00bfNos falta? Mucho. Hay que seguir concientizando, incorporando a sectores de la sociedad para que trabajen en forma conjunta en el mantenimiento del sistema y en actividades complementarias.<\/p>\n<p><strong>\u00bfCu\u00e1les son las amenazas para Santa Fe?<\/strong><\/p>\n<p>Viviana Zucarelli (Secretaria de Extensi\u00f3n, Transferencia y Vinculaci\u00f3n Tecnol\u00f3gica de la FICH): En Santa Fe, las precipitaciones no constituyen la \u00fanica amenaza. Tenemos que tener en claro dos conceptos: la crecida y la inundaci\u00f3n. Una crecida es un fen\u00f3meno por el cual los r\u00edos aumentan sus caudales y es normal que eso ocurra. Una inundaci\u00f3n se produce cuando hay agua en lugares que afectan a las actividades humanas, zonas que normalmente no deber\u00edan ser ocupadas.<\/p>\n<p>A su vez esas inundaciones pueden ser causadas por eventos de precipitaciones, pero tambi\u00e9n por los desbordes de los r\u00edos. Santa Fe es muy vulnerable a las dos cosas: a precipitaciones intensas que a veces hacen colapsar la ciudad, pero tambi\u00e9n al desborde de los r\u00edos, sobre el que hemos tenido copiosos y dram\u00e1ticos ejemplos, tanto del Salado en 2003 como del\u00a0Paran\u00e1\u00a0en 1983, 1992 y 1998.<\/p>\n<p>Cuando un r\u00edo desborda sale de su cauce natural y empieza a llenar el valle de inundaci\u00f3n que es el espacio que tiene para almacenar agua. Y si \u00e9ste se encuentra ocupado con viviendas, obras no autorizadas y poblaci\u00f3n, nos convertimos en m\u00e1s vulnerables a esta amenaza que es el r\u00edo. Y todo ocurre en un sistema que se llama cuenca, al que pertenece la ciudad de Santa Fe.<\/p>\n<p>Por otro lado, es normal que la poblaci\u00f3n crezca y tengamos m\u00e1s viviendas, pero eso significa tambi\u00e9n mayor impermeabilidad. Cuando eso ocurre, los suelos no infiltran y hay mayor escurrimiento. Pero cuando este fen\u00f3meno se da en el valle de inundaci\u00f3n, con falta de ordenamiento territorial y urbanizaci\u00f3n no planificada, los inconvenientes aumentan. Por eso es importante que sepamos que hay \u00e1reas que tienen riesgo h\u00eddrico y probabilidad de inundaci\u00f3n.<\/p>\n<p>Adem\u00e1s, hace una semana nos convocaban para hablar de la sequ\u00eda y ten\u00edamos que contar por qu\u00e9 el r\u00edo estaba por debajo del metro y qu\u00e9 iba a pasar de ac\u00e1 a tres meses. Ahora nos est\u00e1n convocando por esto: podemos decir hoy sequ\u00eda, pero ma\u00f1ana inundaci\u00f3n. Y al rev\u00e9s.<\/p>\n<p>En muchos lugares y Santa Fe no es la excepci\u00f3n, estamos acostumbrados a trabajar en la emergencia: correr atr\u00e1s de la emergencia puede tener \u00e9xito, porque a lo mejor sale bien, pero es incierto y costoso.<\/p>\n<p><strong>&#8211; Precisamente, \u00bfpodemos estar hablando ahora de inundaciones cuando el Paran\u00e1 est\u00e1 tan bajo?<\/strong><\/p>\n<p>&#8211; Parece un tema lejano pero desde la academia remarcamos la importancia de la informaci\u00f3n porque no se puede gestionar lo que no se conoce; no podemos saber cu\u00e1nto llueve si no medimos la precipitaciones ni saber a cu\u00e1nto va a crecer el r\u00edo si no medimos su nivel. Para eso est\u00e1 la Universidad: para hacer investigaci\u00f3n aplicada, desarrollo y transferencia.<\/p>\n<p><strong>Evidencia cient\u00edfica y medidas<\/strong><\/p>\n<p>Carlos Paoli (Integrante de la comisi\u00f3n directiva del Instituto Argentino de Recursos Hidricos-ARH): M\u00e1s all\u00e1 de la discusi\u00f3n entre cambio clim\u00e1tico o variabilidad clim\u00e1tica, lo importante es que la evidencia a nivel mundial y en el pa\u00eds es que ha aumentado la frecuencia con que se presentan los eventos extremos, sean tormentas intensas, crecidas o las grandes sequ\u00edas y bajantes de los cursos de agua.<\/p>\n<p>La consecuencia es que ha aumentado el riesgo, tanto porque lo hicieron las crecidas y las tormentas intensas como porque se increment\u00f3 la vulnerabilidad de los sectores donde impacta; sobre todo la ocupaci\u00f3n de zonas que no son adecuadas para el desarrollo de actividad urbana. Un ejemplo muy claro fue lo que ocurri\u00f3 en\u00a0Valencia\u00a0o en Bah\u00eda Blanca donde estaban ocupados lugares que eran de escurrimiento directo de las aguas. Cuando se producen estos eventos extremos no se puede esperar otra cosa que lo que sucedi\u00f3, y lo peor de todo es la p\u00e9rdida de vidas humanas. No vamos a evitar que se sigan produciendo eventos extremos porque es el clima el que lo define.<\/p>\n<p><strong>&#8211; \u00bfQu\u00e9 podemos hacer?<\/strong><\/p>\n<p>&#8211; Podemos tratar de mitigar esa situaci\u00f3n para lo cual se dispone de las obras (medidas estructurales) y el complemento de lo que llamamos medidas no estructurales que, a veces, no son muy conocidas. Adem\u00e1s, las obras siempre tienen un l\u00edmite f\u00edsico y no se pueden hacer para cualquier tama\u00f1o de crecida o de tormenta.<\/p>\n<p><strong>Hay tres medidas dentro de las tantas complementarias: los sistemas de alerta temprano y los sistemas de alerta hidrol\u00f3gico.<\/strong> Existe el sistema de alerta temprano del\u00a0Servicio Meteorol\u00f3gico Nacional;\u00a0es muy bueno pero indica que es muy probable que se produzcan tormentas con distinto grado de intensidad pero no tiene asociado qu\u00e9 significa que una lluvia supere determinados montos. Necesitan complementarse con los sistemas de alerta hidrol\u00f3gicos para saber d\u00f3nde va a impactar y de qu\u00e9 forma. Para eso se necesita disponer de los sistemas de modelaci\u00f3n que permitan ver la evoluci\u00f3n de ese fen\u00f3meno sobre el terreno.<strong> \u00bfC\u00f3mo se puede mejorar esta estrategia? Tenemos sistemas de radar que requieren un monitoreo constante.<\/strong> Cuando hay un alerta meteorol\u00f3gico deber\u00eda haber un equipo que se ponga a operar estos modelos de simulaci\u00f3n y analizar las lluvias minuto a minuto para alertar en forma fehaciente sobre cu\u00e1les son las zonas de riesgo y de mayor impacto. Y se necesita que la gente conozca cu\u00e1les son. Hubo cierta resistencia a informar sobre este punto pero es imprescindible que se sepa.<\/p>\n<p>Hay que tener un catastro de cu\u00e1l es la gente asentada en esos lugares de riesgo. Y, adem\u00e1s, como prevenci\u00f3n hay que disponer de planes de contingencia para saber qu\u00e9 hacer adem\u00e1s de c\u00f3mo van a impactar los fen\u00f3menos.<\/p>\n<p>Es com\u00fan que se conozcan los planes para las ciudades, pero se ha hecho muy poco en el plano del aporte de las cuencas, para saber qu\u00e9 rutas se van a ver afectadas, qu\u00e9 puentes pueden estar en riesgo; cu\u00e1les son las zonas rurales m\u00e1s afectadas y principalmente cuales son las poblaciones que pueden ser da\u00f1adas; esto permite establecer prioridades de las inversiones puesto que no es posible hacer todo a la vez. Para disponer de estos planes de contingencia es indispensable actualizar la informaci\u00f3n y los estudios hidrol\u00f3gicos de la infraestrutura que se encuentra en la cuenca<\/p>\n<p>La provincia tom\u00f3 conciencia de eso y en la Universidad, por convenio con el Ministerio de Infraestructura, elaboramos gu\u00edas para planes de contingencia para cuenca que est\u00e1 siendo evaluado por las autoridades.<\/p>\n<p>Mejorar los sistemas de alerta temprano; delimitar las \u00e1reas de riesgo h\u00eddrico e informar a la poblaci\u00f3n, y los planes de contingencia para cuenca son tres de las cuestiones m\u00e1s importante desde el punto de vista de la preparaci\u00f3n y la prevenci\u00f3n, cuyo objetivo principal es evitar la p\u00e9rdida de vidas humanas, aunque no puedan evitarse el resto de los da\u00f1os. Solo disminuirlos.<\/p>\n<p>Fuente: Nancy Balza &#8211; El Litoral<\/p>\n","protected":false},"excerpt":{"rendered":"<p>Tres especialistas de la FICH (UNL) aportan conceptos para comprender lo que ocurri\u00f3 y lo que puede suceder. Recomiendan planes de desag\u00fces que se adapten a cambios urbanos y pol\u00edticas de uso de suelo, pero tambi\u00e9n concientizaci\u00f3n social y un abordaje de sistema como cuenca. Bah\u00eda Blanca en marzo (290 mm en 12 horas); Z\u00e1rate-Campana [&hellip;]<\/p>\n","protected":false},"author":3,"featured_media":63395,"comment_status":"closed","ping_status":"closed","sticky":false,"template":"","format":"standard","meta":{"_joinchat":[],"footnotes":""},"categories":[51,36],"tags":[],"class_list":{"0":"post-63394","1":"post","2":"type-post","3":"status-publish","4":"format-standard","5":"has-post-thumbnail","7":"category-locales","8":"category-sociedad"},"_links":{"self":[{"href":"https:\/\/infovera.com.ar\/web\/wp-json\/wp\/v2\/posts\/63394","targetHints":{"allow":["GET"]}}],"collection":[{"href":"https:\/\/infovera.com.ar\/web\/wp-json\/wp\/v2\/posts"}],"about":[{"href":"https:\/\/infovera.com.ar\/web\/wp-json\/wp\/v2\/types\/post"}],"author":[{"embeddable":true,"href":"https:\/\/infovera.com.ar\/web\/wp-json\/wp\/v2\/users\/3"}],"replies":[{"embeddable":true,"href":"https:\/\/infovera.com.ar\/web\/wp-json\/wp\/v2\/comments?post=63394"}],"version-history":[{"count":0,"href":"https:\/\/infovera.com.ar\/web\/wp-json\/wp\/v2\/posts\/63394\/revisions"}],"wp:featuredmedia":[{"embeddable":true,"href":"https:\/\/infovera.com.ar\/web\/wp-json\/wp\/v2\/media\/63395"}],"wp:attachment":[{"href":"https:\/\/infovera.com.ar\/web\/wp-json\/wp\/v2\/media?parent=63394"}],"wp:term":[{"taxonomy":"category","embeddable":true,"href":"https:\/\/infovera.com.ar\/web\/wp-json\/wp\/v2\/categories?post=63394"},{"taxonomy":"post_tag","embeddable":true,"href":"https:\/\/infovera.com.ar\/web\/wp-json\/wp\/v2\/tags?post=63394"}],"curies":[{"name":"wp","href":"https:\/\/api.w.org\/{rel}","templated":true}]}}