{"id":63389,"date":"2025-06-02T11:05:28","date_gmt":"2025-06-02T14:05:28","guid":{"rendered":"https:\/\/infovera.com.ar\/web\/?p=63389"},"modified":"2025-06-03T10:49:47","modified_gmt":"2025-06-03T13:49:47","slug":"con-la-mirada-puesta-en-la-convencion","status":"publish","type":"post","link":"https:\/\/infovera.com.ar\/web\/2025\/06\/02\/con-la-mirada-puesta-en-la-convencion\/","title":{"rendered":"Con la mirada puesta en la Convenci\u00f3n"},"content":{"rendered":"<p><strong>El equipo de asesores del senador, ahora convencional Osvaldo Sosa, durante el mes de mayo mantuvo reuniones virtuales con el fin de tratar una agenda preestablecida.<\/strong><\/p>\n<p>Los grupos se re\u00fanen en forma separada y acorde a tem\u00e1ticas diferentes como las relacionadas con el sistema Previsional, Derechos Humanos y Nuevos Derechos, Autonom\u00eda Municipal, Ambiente y Recursos Naturales, entre otras.<\/p>\n<p>Los aportes son consensuados para ser volcados en un trabajo final para que el Dr. Osvaldo Sosa cuente con los fundamentos adecuados a la hora de debatir cada aspecto.<\/p>\n<p>Al margen de este programa, la actividad tambi\u00e9n se va a proyectar al interior departamental, donde el senador tomar\u00e1 contacto con cada comunidad para que tambi\u00e9n tengan la oportunidad de transmitir sus inquietudes y abonar la idea original.<\/p>\n<p>Los grupos cuentan con la coordinaci\u00f3n de la Dra. Mariela Pe\u00f1a, quien es la encargada de llevar adelante este novedoso proyecto ideado por el senador Osvaldo Sosa con el objetivo de enriquecer su participaci\u00f3n a la hora de tratar estos aspectos tan sensibles y que han generado una gran expectativa en la sociedad.<\/p>\n<p>Letyana Press<\/p>\n","protected":false},"excerpt":{"rendered":"<p>El equipo de asesores del senador, ahora convencional Osvaldo Sosa, durante el mes de mayo mantuvo reuniones virtuales con el fin de tratar una agenda preestablecida. Los grupos se re\u00fanen en forma separada y acorde a tem\u00e1ticas diferentes como las relacionadas con el sistema Previsional, Derechos Humanos y Nuevos Derechos, Autonom\u00eda Municipal, Ambiente y Recursos [&hellip;]<\/p>\n","protected":false},"author":3,"featured_media":63390,"comment_status":"closed","ping_status":"closed","sticky":false,"template":"","format":"standard","meta":{"_joinchat":[],"footnotes":""},"categories":[53],"tags":[],"class_list":{"0":"post-63389","1":"post","2":"type-post","3":"status-publish","4":"format-standard","5":"has-post-thumbnail","7":"category-vera"},"_links":{"self":[{"href":"https:\/\/infovera.com.ar\/web\/wp-json\/wp\/v2\/posts\/63389","targetHints":{"allow":["GET"]}}],"collection":[{"href":"https:\/\/infovera.com.ar\/web\/wp-json\/wp\/v2\/posts"}],"about":[{"href":"https:\/\/infovera.com.ar\/web\/wp-json\/wp\/v2\/types\/post"}],"author":[{"embeddable":true,"href":"https:\/\/infovera.com.ar\/web\/wp-json\/wp\/v2\/users\/3"}],"replies":[{"embeddable":true,"href":"https:\/\/infovera.com.ar\/web\/wp-json\/wp\/v2\/comments?post=63389"}],"version-history":[{"count":0,"href":"https:\/\/infovera.com.ar\/web\/wp-json\/wp\/v2\/posts\/63389\/revisions"}],"wp:featuredmedia":[{"embeddable":true,"href":"https:\/\/infovera.com.ar\/web\/wp-json\/wp\/v2\/media\/63390"}],"wp:attachment":[{"href":"https:\/\/infovera.com.ar\/web\/wp-json\/wp\/v2\/media?parent=63389"}],"wp:term":[{"taxonomy":"category","embeddable":true,"href":"https:\/\/infovera.com.ar\/web\/wp-json\/wp\/v2\/categories?post=63389"},{"taxonomy":"post_tag","embeddable":true,"href":"https:\/\/infovera.com.ar\/web\/wp-json\/wp\/v2\/tags?post=63389"}],"curies":[{"name":"wp","href":"https:\/\/api.w.org\/{rel}","templated":true}]}}