{"id":63351,"date":"2025-05-31T11:02:30","date_gmt":"2025-05-31T14:02:30","guid":{"rendered":"https:\/\/infovera.com.ar\/web\/?p=63351"},"modified":"2025-06-01T13:06:39","modified_gmt":"2025-06-01T16:06:39","slug":"donaciones-y-voluntarios-la-junta-de-defensa-civil-se-reunio-con-fuerzas-vivas","status":"publish","type":"post","link":"https:\/\/infovera.com.ar\/web\/2025\/05\/31\/donaciones-y-voluntarios-la-junta-de-defensa-civil-se-reunio-con-fuerzas-vivas\/","title":{"rendered":"Donaciones y voluntarios: la Junta de Defensa Civil se reuni\u00f3 con fuerzas vivas"},"content":{"rendered":"<p>En la noche del viernes, la Junta Local de Defensa Civil convoc\u00f3 a las instituciones de Vera por la emergencia clim\u00e1tica. El ente se reuni\u00f3 con las fuerzas vivas con el objetivo de trabajar en conjunto y unificar la entrega de donaciones que recibe cada una de ellas, el municipio y sumar voluntarios para la distribuci\u00f3n de las mismas. Lo que se busca con esto, es brindar mayor transparencia al proceso.<\/p>\n<p>En primer lugar, la intendente Paula Mitre, salud\u00f3 a todos los presentes y felicit\u00f3 a todos aquellos que est\u00e1n comprometidos con la causa y afirm\u00f3, con una contundente frase: \u201cNo puede quedar la imagen de la sociedad de que nos quedamos con las cosas\u201d.<\/p>\n<p>Por su parte, el senador Osvaldo Sosa tambi\u00e9n celebr\u00f3 la concurrencia de las instituciones y asever\u00f3 que el cese de la emergencia fue prematuro ya que \u201ca\u00fan no ha pasado\u201d la misma, sino que ahora se viene otra etapa, la de la asistencia social posterior.<\/p>\n<p>Algunas de las instituciones plantearon la tard\u00eda convocatoria por parte de la Junta y cuestionaron adem\u00e1s la falta de planificaci\u00f3n para la asistencia social. En los pr\u00f3ximos d\u00edas se informar\u00e1n las conclusiones de la reuni\u00f3n.<\/p>\n<p><strong>Para ayudar<\/strong><\/p>\n<p>El gobierno municipal verense public\u00f3 una convocatoria a todos aquellos que quieran sumarse como voluntarios para &#8220;ayudar a los verenses afectados por la emergencia h\u00eddrica del d\u00eda lunes 26\/05&#8221;.<\/p>\n<p>Una vez completado el <a href=\"https:\/\/forms.gle\/eVBhJijhrwsDkEqW6\">formulario<\/a>, quienes se anoten ser\u00e1n contactados para designarles el lugar de trabajo.<\/p>\n","protected":false},"excerpt":{"rendered":"<p>En la noche del viernes, la Junta Local de Defensa Civil convoc\u00f3 a las instituciones de Vera por la emergencia clim\u00e1tica. El ente se reuni\u00f3 con las fuerzas vivas con el objetivo de trabajar en conjunto y unificar la entrega de donaciones que recibe cada una de ellas, el municipio y sumar voluntarios para la [&hellip;]<\/p>\n","protected":false},"author":3,"featured_media":63352,"comment_status":"closed","ping_status":"closed","sticky":false,"template":"","format":"standard","meta":{"_joinchat":[],"footnotes":""},"categories":[53],"tags":[],"class_list":{"0":"post-63351","1":"post","2":"type-post","3":"status-publish","4":"format-standard","5":"has-post-thumbnail","7":"category-vera"},"_links":{"self":[{"href":"https:\/\/infovera.com.ar\/web\/wp-json\/wp\/v2\/posts\/63351","targetHints":{"allow":["GET"]}}],"collection":[{"href":"https:\/\/infovera.com.ar\/web\/wp-json\/wp\/v2\/posts"}],"about":[{"href":"https:\/\/infovera.com.ar\/web\/wp-json\/wp\/v2\/types\/post"}],"author":[{"embeddable":true,"href":"https:\/\/infovera.com.ar\/web\/wp-json\/wp\/v2\/users\/3"}],"replies":[{"embeddable":true,"href":"https:\/\/infovera.com.ar\/web\/wp-json\/wp\/v2\/comments?post=63351"}],"version-history":[{"count":0,"href":"https:\/\/infovera.com.ar\/web\/wp-json\/wp\/v2\/posts\/63351\/revisions"}],"wp:featuredmedia":[{"embeddable":true,"href":"https:\/\/infovera.com.ar\/web\/wp-json\/wp\/v2\/media\/63352"}],"wp:attachment":[{"href":"https:\/\/infovera.com.ar\/web\/wp-json\/wp\/v2\/media?parent=63351"}],"wp:term":[{"taxonomy":"category","embeddable":true,"href":"https:\/\/infovera.com.ar\/web\/wp-json\/wp\/v2\/categories?post=63351"},{"taxonomy":"post_tag","embeddable":true,"href":"https:\/\/infovera.com.ar\/web\/wp-json\/wp\/v2\/tags?post=63351"}],"curies":[{"name":"wp","href":"https:\/\/api.w.org\/{rel}","templated":true}]}}