{"id":63346,"date":"2025-05-31T12:23:39","date_gmt":"2025-05-31T15:23:39","guid":{"rendered":"https:\/\/infovera.com.ar\/web\/?p=63346"},"modified":"2025-06-01T13:05:42","modified_gmt":"2025-06-01T16:05:42","slug":"controles-en-la-epe-desde-el-2-de-junio-el-ingreso-sera-solo-con-huella-digital","status":"publish","type":"post","link":"https:\/\/infovera.com.ar\/web\/2025\/05\/31\/controles-en-la-epe-desde-el-2-de-junio-el-ingreso-sera-solo-con-huella-digital\/","title":{"rendered":"Controles en la EPE: desde el 2 de junio, el ingreso ser\u00e1 s\u00f3lo con huella digital"},"content":{"rendered":"<p><strong>La firma implementa un sistema biom\u00e9trico, eliminando las planillas tradicionales. Con 258 equipos instalados en 216 puntos, la medida busca mejorar la eficiencia, optimizar recursos y garantizar mayor transparencia en la gesti\u00f3n del personal.<\/strong><\/p>\n<p>En el marco de su proceso de modernizaci\u00f3n y optimizaci\u00f3n de recursos, la Empresa Provincial de la Energ\u00eda (EPE) comienza a aplicar, a partir del lunes 2 de junio, un nuevo sistema de control de acceso biom\u00e9trico para el ingreso de su personal. \u201cLa implementaci\u00f3n de este nuevo sistema es un paso clave dentro del proceso de modernizaci\u00f3n que venimos impulsando por mandato del gobernador Maximiliano Pullaro.<\/p>\n<p>Nos permite cuidar los recursos de los santafesinos y garantizar un funcionamiento m\u00e1s eficiente de la empresa\u201d, destac\u00f3 el ministro de Desarrollo Productivo, Gustavo Puccini.<br \/>\nEste sistema, basado en la identificaci\u00f3n por huella digital, reemplaza las tradicionales planillas de asistencia y permitir\u00e1 un registro m\u00e1s preciso y eficiente de la jornada laboral de los 3.957 empleados de la empresa. \u201cCon esta medida, la EPE busca mejorar la productividad, garantizar un control m\u00e1s transparente de los horarios del personal y evitar el despilfarro de horas extras\u201d, agreg\u00f3 la presidenta de la empresa p\u00fablica, Anah\u00ed Rodr\u00edguez.<\/p>\n<p>En esta primera etapa, comienza a funcionar en Rosario y Santa Fe, las dos grandes ciudades que concentran el grueso de empleados. En simult\u00e1neo se contin\u00faa con la instalaci\u00f3n de los dispositivos de acceso en toda la provincia, que no s\u00f3lo facilitar\u00e1 la gesti\u00f3n interna, sino que tambi\u00e9n permitir\u00e1 la generaci\u00f3n de informes detallados sobre horarios y asistencia del personal. La apertura de licitaci\u00f3n para este sistema se realiz\u00f3 en enero, con un presupuesto oficial de m\u00e1s de 2.000 millones de pesos, asegurando una tecnolog\u00eda confiable y moderna para la operatividad de la empresa.<\/p>\n<p>Con esta medida, la EPE contin\u00faa avanzando en su compromiso de innovaci\u00f3n y transformaci\u00f3n digital, en l\u00ednea con las directrices del gobierno provincial para garantizar servicios p\u00fablicos m\u00e1s eficientes y accesibles.<\/p>\n<p><strong>Pago de facturas s\u00f3lo por canales digitales<\/strong><\/p>\n<p><strong>Como se informara, tambi\u00e9n a partir del 2 de junio se dejar\u00e1 de cobrar facturas de manera presencial en las oficinas comerciales, avanzando en el proceso de digitalizaci\u00f3n.<\/strong><\/p>\n<p><strong>Los usuarios podr\u00e1n abonar sus facturas mediante diversas plataformas digitales y servicios de pago como Rapipago, Pago F\u00e1cil, Cobro Express y Mercado Pago, adem\u00e1s del d\u00e9bito autom\u00e1tico y el pago mediante CBU.<\/strong><\/p>\n<p>Esta medida optimiza recursos, mejora la eficiencia y fortalece la atenci\u00f3n al usuario, aline\u00e1ndose con la visi\u00f3n del gobierno provincial para modernizar los servicios p\u00fablicos.<\/p>\n","protected":false},"excerpt":{"rendered":"<p>La firma implementa un sistema biom\u00e9trico, eliminando las planillas tradicionales. Con 258 equipos instalados en 216 puntos, la medida busca mejorar la eficiencia, optimizar recursos y garantizar mayor transparencia en la gesti\u00f3n del personal. En el marco de su proceso de modernizaci\u00f3n y optimizaci\u00f3n de recursos, la Empresa Provincial de la Energ\u00eda (EPE) comienza a [&hellip;]<\/p>\n","protected":false},"author":3,"featured_media":63347,"comment_status":"closed","ping_status":"closed","sticky":false,"template":"","format":"standard","meta":{"_joinchat":[],"footnotes":""},"categories":[60],"tags":[],"class_list":{"0":"post-63346","1":"post","2":"type-post","3":"status-publish","4":"format-standard","5":"has-post-thumbnail","7":"category-provinciales"},"_links":{"self":[{"href":"https:\/\/infovera.com.ar\/web\/wp-json\/wp\/v2\/posts\/63346","targetHints":{"allow":["GET"]}}],"collection":[{"href":"https:\/\/infovera.com.ar\/web\/wp-json\/wp\/v2\/posts"}],"about":[{"href":"https:\/\/infovera.com.ar\/web\/wp-json\/wp\/v2\/types\/post"}],"author":[{"embeddable":true,"href":"https:\/\/infovera.com.ar\/web\/wp-json\/wp\/v2\/users\/3"}],"replies":[{"embeddable":true,"href":"https:\/\/infovera.com.ar\/web\/wp-json\/wp\/v2\/comments?post=63346"}],"version-history":[{"count":0,"href":"https:\/\/infovera.com.ar\/web\/wp-json\/wp\/v2\/posts\/63346\/revisions"}],"wp:featuredmedia":[{"embeddable":true,"href":"https:\/\/infovera.com.ar\/web\/wp-json\/wp\/v2\/media\/63347"}],"wp:attachment":[{"href":"https:\/\/infovera.com.ar\/web\/wp-json\/wp\/v2\/media?parent=63346"}],"wp:term":[{"taxonomy":"category","embeddable":true,"href":"https:\/\/infovera.com.ar\/web\/wp-json\/wp\/v2\/categories?post=63346"},{"taxonomy":"post_tag","embeddable":true,"href":"https:\/\/infovera.com.ar\/web\/wp-json\/wp\/v2\/tags?post=63346"}],"curies":[{"name":"wp","href":"https:\/\/api.w.org\/{rel}","templated":true}]}}