{"id":63338,"date":"2025-05-31T13:04:04","date_gmt":"2025-05-31T16:04:04","guid":{"rendered":"https:\/\/infovera.com.ar\/web\/?p=63338"},"modified":"2025-06-02T11:09:43","modified_gmt":"2025-06-02T14:09:43","slug":"fuerte-contrapunto-entre-mitre-y-el-sindicato-por-la-crisis-hidrica","status":"publish","type":"post","link":"https:\/\/infovera.com.ar\/web\/2025\/05\/31\/fuerte-contrapunto-entre-mitre-y-el-sindicato-por-la-crisis-hidrica\/","title":{"rendered":"Fuerte contrapunto entre Mitre y el sindicato por la crisis h\u00eddrica"},"content":{"rendered":"<div dir=\"auto\">\n<div class=\"p-6 bg-base-100 rounded-md border shadow-lg h-max\">\n<div class=\"flex flex-col space-y-6\">\n<div class=\"htmx-loaded:animate-fade-in-fast\" data-htmx-loaded=\"\" data-scope=\"\">\n<div id=\"transcript-3359685322051028894\" dir=\"ltr\" translate=\"no\" data-active-class=\"bg-primary\/25 transition-all duration-200\">\n<div class=\"flex flex-col space-y-4\">\n<div>\n<p>La intendente hab\u00eda criticado la falta de solidaridad de los empleados municipales durante la contingencia clim\u00e1tica. El SITRAM recogi\u00f3 el guante y le contest\u00f3.<\/p>\n<p>En un contacto con medios de prensa en el que brind\u00f3 un informe general sobre la que calific\u00f3 como &#8220;la peor crisis de la historia&#8221; de la ciudad, la intendente de Vera lament\u00f3 que pese a la emergencia haya habido empleados municipales que <strong>no estuvieron a la altura de la situaci\u00f3n adhiri\u00e9ndose al paro de 48 horas dispuesto por la FESTRAM y no le tendieron la mano al vecino cuando m\u00e1s lo necesitaba.<\/strong><\/p>\n<p>Sus declaraciones, de fuerte tono cr\u00edtico a la supuesta falta de solidaridad de la planta de trabajadores del municipio, no cayeron en saco roto. En el mediod\u00eda de este s\u00e1bado, el Sindicato de Trabajadores Municipales de Vera emiti\u00f3 una contestaci\u00f3n, en duros t\u00e9rminos.<\/p>\n<p>En respuesta a los dichos partidos por la intendente Paula Mitre &#8220;queremos dejar en claro que los empleados municipales tambi\u00e9n hemos sido afectados por esta gran inclemencia clim\u00e1tica,\u00a0tambi\u00e9n hemos sufrido p\u00e9rdidas materiales, no somos ajenos a esta\u00a0terrible cat\u00e1strofe&#8221;, aclar\u00f3, de entrada, el gremio.<\/p>\n<p>&#8220;Ella dice que nos falt\u00f3\u00a0falt\u00f3 empat\u00eda, ahora nos preguntamos qui\u00e9nes manejaban los camiones para trasladar los elementos para equipar los centros evacuados, qui\u00e9nes asistieron a\u00a0las personas que necesitaban ayuda, qui\u00e9nes en medio de la lluvia corr\u00edan\u00a0para recolectar las bolsas de basura para que no se sigan tapando los desag\u00fces&#8221;, inquiri\u00f3 la representaci\u00f3n gremial.<\/p>\n<p><strong>Con un dejo de iron\u00eda, dispar\u00f3: &#8220;Quiz\u00e1s lo hicieron las m\u00e1s de 40 personas que integran su vasto gabinete.<\/strong> Pero no, fuimos los empleados municipales que dejaron su familia (sic) y sus casas llenas de agua, por quienes usted ni siquiera pregunt\u00f3 c\u00f3mo se encontraban&#8221;.<\/p>\n<p>En el final, apel\u00f3 a una frase de Plat\u00f3n para cerrar el punzante comunicado: &#8220;Ya que hablamos de empat\u00eda, &#8216;la obra maestra de la injusticia es parecer justo y sin serlo'&#8221;.<\/p>\n<\/div>\n<\/div>\n<\/div>\n<\/div>\n<\/div>\n<\/div>\n<div class=\"p-6 rounded-md border shadow-lg bg-gradient-to-b text-white from-sky-600 to-blue-700\">\n<div class=\"flex flex-col space-y-4 max-w-screen-xs mr-auto ml-auto\">\n<div class=\"text-center\"><\/div>\n<\/div>\n<\/div>\n<\/div>\n","protected":false},"excerpt":{"rendered":"<p>La intendente hab\u00eda criticado la falta de solidaridad de los empleados municipales durante la contingencia clim\u00e1tica. El SITRAM recogi\u00f3 el guante y le contest\u00f3. En un contacto con medios de prensa en el que brind\u00f3 un informe general sobre la que calific\u00f3 como &#8220;la peor crisis de la historia&#8221; de la ciudad, la intendente de [&hellip;]<\/p>\n","protected":false},"author":3,"featured_media":63182,"comment_status":"closed","ping_status":"closed","sticky":false,"template":"","format":"standard","meta":{"_joinchat":[],"footnotes":""},"categories":[53],"tags":[],"class_list":{"0":"post-63338","1":"post","2":"type-post","3":"status-publish","4":"format-standard","5":"has-post-thumbnail","7":"category-vera"},"_links":{"self":[{"href":"https:\/\/infovera.com.ar\/web\/wp-json\/wp\/v2\/posts\/63338","targetHints":{"allow":["GET"]}}],"collection":[{"href":"https:\/\/infovera.com.ar\/web\/wp-json\/wp\/v2\/posts"}],"about":[{"href":"https:\/\/infovera.com.ar\/web\/wp-json\/wp\/v2\/types\/post"}],"author":[{"embeddable":true,"href":"https:\/\/infovera.com.ar\/web\/wp-json\/wp\/v2\/users\/3"}],"replies":[{"embeddable":true,"href":"https:\/\/infovera.com.ar\/web\/wp-json\/wp\/v2\/comments?post=63338"}],"version-history":[{"count":0,"href":"https:\/\/infovera.com.ar\/web\/wp-json\/wp\/v2\/posts\/63338\/revisions"}],"wp:featuredmedia":[{"embeddable":true,"href":"https:\/\/infovera.com.ar\/web\/wp-json\/wp\/v2\/media\/63182"}],"wp:attachment":[{"href":"https:\/\/infovera.com.ar\/web\/wp-json\/wp\/v2\/media?parent=63338"}],"wp:term":[{"taxonomy":"category","embeddable":true,"href":"https:\/\/infovera.com.ar\/web\/wp-json\/wp\/v2\/categories?post=63338"},{"taxonomy":"post_tag","embeddable":true,"href":"https:\/\/infovera.com.ar\/web\/wp-json\/wp\/v2\/tags?post=63338"}],"curies":[{"name":"wp","href":"https:\/\/api.w.org\/{rel}","templated":true}]}}