{"id":63336,"date":"2025-05-30T19:04:05","date_gmt":"2025-05-30T22:04:05","guid":{"rendered":"https:\/\/infovera.com.ar\/web\/?p=63336"},"modified":"2025-05-31T14:10:23","modified_gmt":"2025-05-31T17:10:23","slug":"el-lunes-pullaro-inaugura-la-ampliacion-de-la-carcel-de-santa-felicia","status":"publish","type":"post","link":"https:\/\/infovera.com.ar\/web\/2025\/05\/30\/el-lunes-pullaro-inaugura-la-ampliacion-de-la-carcel-de-santa-felicia\/","title":{"rendered":"El lunes Pullaro inaugura la ampliaci\u00f3n de la c\u00e1rcel de Santa Felicia"},"content":{"rendered":"<p>En un acto previsto a las 10 hs, el gobernador de la provincia, Maximiliano Pullaro, acompa\u00f1ado por su gabinete de seguridad, habilitar\u00e1n oficialmente los dos nuevos pabellones de la Unidad Penitenciaria N10 de Santa Felicia, acci\u00f3n seguida del vaciamiento de las alcald\u00edas de las unidades regionales de toda la provincia, cuyos internos ser\u00e1n trasladados all\u00ed.<\/p>\n<p>Este \u00faltimo hecho ha puesto el jaque a los vecinos e instituciones de la ciudad, ya que podr\u00eda conllevar a la instalaci\u00f3n indeseada tanto de familiares como de otros actores involucrados en los conflictos con la ley, relacionados con los nuevos internos.<\/p>\n<p>Esta semana se hab\u00eda iniciado la Junta local deSeguridad para tratar ese tema, aunque se vio interrumpida por la cat\u00e1strofe clim\u00e1tica que vivi\u00f3 la ciudad de Vera y no tiene fecha de reprogramaci\u00f3n a\u00fan.<\/p>\n","protected":false},"excerpt":{"rendered":"<p>En un acto previsto a las 10 hs, el gobernador de la provincia, Maximiliano Pullaro, acompa\u00f1ado por su gabinete de seguridad, habilitar\u00e1n oficialmente los dos nuevos pabellones de la Unidad Penitenciaria N10 de Santa Felicia, acci\u00f3n seguida del vaciamiento de las alcald\u00edas de las unidades regionales de toda la provincia, cuyos internos ser\u00e1n trasladados all\u00ed. [&hellip;]<\/p>\n","protected":false},"author":3,"featured_media":63140,"comment_status":"closed","ping_status":"closed","sticky":false,"template":"","format":"standard","meta":{"_joinchat":[],"footnotes":""},"categories":[53],"tags":[],"class_list":{"0":"post-63336","1":"post","2":"type-post","3":"status-publish","4":"format-standard","5":"has-post-thumbnail","7":"category-vera"},"_links":{"self":[{"href":"https:\/\/infovera.com.ar\/web\/wp-json\/wp\/v2\/posts\/63336","targetHints":{"allow":["GET"]}}],"collection":[{"href":"https:\/\/infovera.com.ar\/web\/wp-json\/wp\/v2\/posts"}],"about":[{"href":"https:\/\/infovera.com.ar\/web\/wp-json\/wp\/v2\/types\/post"}],"author":[{"embeddable":true,"href":"https:\/\/infovera.com.ar\/web\/wp-json\/wp\/v2\/users\/3"}],"replies":[{"embeddable":true,"href":"https:\/\/infovera.com.ar\/web\/wp-json\/wp\/v2\/comments?post=63336"}],"version-history":[{"count":0,"href":"https:\/\/infovera.com.ar\/web\/wp-json\/wp\/v2\/posts\/63336\/revisions"}],"wp:featuredmedia":[{"embeddable":true,"href":"https:\/\/infovera.com.ar\/web\/wp-json\/wp\/v2\/media\/63140"}],"wp:attachment":[{"href":"https:\/\/infovera.com.ar\/web\/wp-json\/wp\/v2\/media?parent=63336"}],"wp:term":[{"taxonomy":"category","embeddable":true,"href":"https:\/\/infovera.com.ar\/web\/wp-json\/wp\/v2\/categories?post=63336"},{"taxonomy":"post_tag","embeddable":true,"href":"https:\/\/infovera.com.ar\/web\/wp-json\/wp\/v2\/tags?post=63336"}],"curies":[{"name":"wp","href":"https:\/\/api.w.org\/{rel}","templated":true}]}}