{"id":63331,"date":"2025-05-30T10:07:07","date_gmt":"2025-05-30T13:07:07","guid":{"rendered":"https:\/\/infovera.com.ar\/web\/?p=63331"},"modified":"2025-05-30T10:07:07","modified_gmt":"2025-05-30T13:07:07","slug":"se-extiende-el-plazo-de-inscripcion-para-participar-del-programa-santa-fe-en-movimiento","status":"publish","type":"post","link":"https:\/\/infovera.com.ar\/web\/2025\/05\/30\/se-extiende-el-plazo-de-inscripcion-para-participar-del-programa-santa-fe-en-movimiento\/","title":{"rendered":"Se extiende el plazo de inscripci\u00f3n para participar del programa Santa Fe en Movimiento"},"content":{"rendered":"<p><strong>Las instituciones, organizaciones y escuelas que deseen participar en la propuesta de Infancias jugadas y Encuentros deportivos tendr\u00e1n tiempo hasta el 6 de junio. Por otra parte, quienes quieran formar parte de las Escuelas en movimiento y Jugadas mayores el l\u00edmite de inscripci\u00f3n ser\u00e1 el 13 de junio.<\/strong><\/p>\n<p>El Gobierno de Santa Fe, a trav\u00e9s de los ministerios de Igualdad y Desarrollo Humano y Educaci\u00f3n, extiende el plazo de inscripci\u00f3n para aquellas instituciones, organizaciones y escuelas (de gesti\u00f3n p\u00fablica y privada) que deseen participar del programa \u201cSanta Fe en Movimiento\u201d en su edici\u00f3n 2025. La propuesta tiene como objetivo fomentar la participaci\u00f3n de toda la poblaci\u00f3n en actividades educativas, deportivas y recreativas. Para ello, se estableci\u00f3 durante el mes de junio las nuevas fechas l\u00edmite para anotarse a trav\u00e9s del sitio <a href=\"http:\/\/web www.santafe.gob.ar\/enmovimiento\">web www.santafe.gob.ar\/enmovimiento\u00a0<\/a><\/p>\n<p>En este sentido, aquellos que quieran ser parte de la instancia de Infancias jugadas y Encuentros Deportivos podr\u00e1n inscribirse hasta el 6 de junio. Asimismo, las y los interesados en participar en la iniciativa de Escuelas en Movimiento y Jugadas Mayores deber\u00e1n registrarse hasta 13 de junio.<\/p>\n<p>Cabe recordar que Infancias Jugadas est\u00e1 destinada al nivel primario mientras que los Encuentros Deportivos est\u00e1n pensados para las categor\u00edas Sub 13, Sub 14, Sub 15, Sub 16, Sub 17, Sub 18.<\/p>\n<p>Por otra parte, de Escuelas en Movimiento forman parte las escuelas de gesti\u00f3n p\u00fablica y privada mientras que Jugadas mayores, facilita el acceso a actividades recreativas y deportivas a personas mayores del territorio provincial.<\/p>\n","protected":false},"excerpt":{"rendered":"<p>Las instituciones, organizaciones y escuelas que deseen participar en la propuesta de Infancias jugadas y Encuentros deportivos tendr\u00e1n tiempo hasta el 6 de junio. Por otra parte, quienes quieran formar parte de las Escuelas en movimiento y Jugadas mayores el l\u00edmite de inscripci\u00f3n ser\u00e1 el 13 de junio. El Gobierno de Santa Fe, a trav\u00e9s [&hellip;]<\/p>\n","protected":false},"author":3,"featured_media":63332,"comment_status":"closed","ping_status":"closed","sticky":false,"template":"","format":"standard","meta":{"_joinchat":[],"footnotes":""},"categories":[31,60],"tags":[],"class_list":{"0":"post-63331","1":"post","2":"type-post","3":"status-publish","4":"format-standard","5":"has-post-thumbnail","7":"category-deportes","8":"category-provinciales"},"_links":{"self":[{"href":"https:\/\/infovera.com.ar\/web\/wp-json\/wp\/v2\/posts\/63331","targetHints":{"allow":["GET"]}}],"collection":[{"href":"https:\/\/infovera.com.ar\/web\/wp-json\/wp\/v2\/posts"}],"about":[{"href":"https:\/\/infovera.com.ar\/web\/wp-json\/wp\/v2\/types\/post"}],"author":[{"embeddable":true,"href":"https:\/\/infovera.com.ar\/web\/wp-json\/wp\/v2\/users\/3"}],"replies":[{"embeddable":true,"href":"https:\/\/infovera.com.ar\/web\/wp-json\/wp\/v2\/comments?post=63331"}],"version-history":[{"count":0,"href":"https:\/\/infovera.com.ar\/web\/wp-json\/wp\/v2\/posts\/63331\/revisions"}],"wp:featuredmedia":[{"embeddable":true,"href":"https:\/\/infovera.com.ar\/web\/wp-json\/wp\/v2\/media\/63332"}],"wp:attachment":[{"href":"https:\/\/infovera.com.ar\/web\/wp-json\/wp\/v2\/media?parent=63331"}],"wp:term":[{"taxonomy":"category","embeddable":true,"href":"https:\/\/infovera.com.ar\/web\/wp-json\/wp\/v2\/categories?post=63331"},{"taxonomy":"post_tag","embeddable":true,"href":"https:\/\/infovera.com.ar\/web\/wp-json\/wp\/v2\/tags?post=63331"}],"curies":[{"name":"wp","href":"https:\/\/api.w.org\/{rel}","templated":true}]}}