{"id":63323,"date":"2025-05-30T09:42:46","date_gmt":"2025-05-30T12:42:46","guid":{"rendered":"https:\/\/infovera.com.ar\/web\/?p=63323"},"modified":"2025-05-30T09:42:46","modified_gmt":"2025-05-30T12:42:46","slug":"entrega-de-premios-y-exposicion-de-anteproyectos-planta-campamentil-laguna-la-verde-2025","status":"publish","type":"post","link":"https:\/\/infovera.com.ar\/web\/2025\/05\/30\/entrega-de-premios-y-exposicion-de-anteproyectos-planta-campamentil-laguna-la-verde-2025\/","title":{"rendered":"Entrega de premios y exposici\u00f3n de Anteproyectos \u201cPlanta Campamentil Laguna La Verde 2025\u201d"},"content":{"rendered":"<p><strong>En el marco del Plan Integral de Puesta en Valor de Laguna La Verde, anunciado por el gobernador Maximiliano Pullaro.<\/strong><\/p>\n<p>El senador provincial Felipe Michlig y el ministro de Educaci\u00f3n de la Provincia Jos\u00e9 Goity participaron en la sede del Colegio de Arquitectura y Urbanismo de la Provincia de Santa Fe \u2013 Distrito 1, del acto de entrega de premios y exposici\u00f3n de los trabajos consagrados del Concurso Provincial de Anteproyectos \u201cPlanta Campamentil Laguna La Verde 2025\u201d.<\/p>\n<p><strong>Jurado y premiaci\u00f3n<\/strong><\/p>\n<p><strong>Primer Premio: CASAGRANDE\u00a0<\/strong><\/p>\n<p><a href=\"https:\/\/infovera.com.ar\/web\/wp-content\/uploads\/2025\/05\/casa-gra.png\"><img loading=\"lazy\" decoding=\"async\" class=\"size-full wp-image-63325 aligncenter\" src=\"https:\/\/infovera.com.ar\/web\/wp-content\/uploads\/2025\/05\/casa-gra.png\" alt=\"\" width=\"560\" height=\"791\" srcset=\"https:\/\/infovera.com.ar\/web\/wp-content\/uploads\/2025\/05\/casa-gra.png 560w, https:\/\/infovera.com.ar\/web\/wp-content\/uploads\/2025\/05\/casa-gra-297x420.png 297w\" sizes=\"auto, (max-width: 560px) 100vw, 560px\" \/><\/a><br \/>\n\u201cEste concurso surgi\u00f3 a partir de un convenio entre el Ministerio de Educaci\u00f3n de la Provincia de Santa Fe y el Colegio de Arquitectura y Urbanismo de la Provincia de Santa Fe,\u00a0con el objetivo de\u00a0dise\u00f1ar una planta campamentil modelo para actividades pedag\u00f3gicas\u00a0en contacto con la naturaleza, destinada a ni\u00f1as y ni\u00f1os desde el nivel inicial hasta adultos, junto a docentes y directivos\u201d destac\u00f3 la m\u00e1xima autoridad ministerial.<\/p>\n<p><strong>Plan Integral de Puesta en Valor de Laguna La Verde<\/strong><\/p>\n<p>El senador Felipe Michlig explic\u00f3 que \u201cla futura obra se inscribe en el marco del Plan Integral de Puesta en Valor de Laguna La Verde, anunciado por el gobernador de la provincia Maximiliano Pullaro, que tiene por objetivo proteger la biodiversidad, promover la regi\u00f3n, mejorar la infraestructura y desarrollar una planta campamentil modelo\u201d.<\/p>\n<p>Adem\u00e1s, se destac\u00f3 la presencia del\u00a0diputado Marcelo Gonz\u00e1lez,\u00a0secretaria general\u00a0Mar\u00eda Mart\u00edn; los funcionarios provinciales\u00a0Luciana Vi\u00f1uela; Luciano Varino; Adri\u00e1n Alurralde; Carolina Corona;\u00a0el presidente del Colegio de Arquitectura y Urbanismo de la Provincia de Santa Fe Arq.\u00a0Rub\u00e9n Palumbo; y por el Distrito 1 la Arq.\u00a0Mar\u00eda Victoria Alconchel; dem\u00e1s autoridades provinciales, del \u00e1mbito acad\u00e9mico; jurados, asesores del certamen y representantes de los estudios premiados.<\/p>\n<p><strong>Se presentaron 26 proyectos profesionales<\/strong><\/p>\n<p>Las autoridades educativas informaron que \u201cel proceso concursal se hizo en tiempo y forma, con la presentaci\u00f3n de 26 proyectos, recayendo el\u00a0primer premio en el trabajo que se denomina \u201cCasagrande\u201d,\u00a0cuyos autores son: Titulares: Arq. Fabi\u00e1n Daniel S\u00e1nchez, Arq. Mauro Alejandro Sfregola. Colaboradores: Arq. Rodrigo Exequiel Baranchuk, Arq. Juan Mart\u00edn Rojas, Arq. Nehuen Serpa, Arq. Melina Mari\u00f1ansky.<\/p>\n<p><strong>El segundo premio fue para los autores del proyecto denominado \u201cEzda\u201d.<\/strong><\/p>\n<p><strong>Titulares: Arq. Daniel A. Imhoff. Arq. Ezequiel Paira, Arq. Emiliano Ripodas.\u00a0Mientras que el tercer premio corresponde a para el proyecto \u201cMocov\u00ed\u201d:\u00a0Titulares: Arq. Fernando Monti; Colaboradores: Brian Ejsmont.<\/strong><\/p>\n<p><strong>Jurado y premiaci\u00f3n<\/strong><\/p>\n<p>El Jurado del Concurso estuvo integrado\u00a0por los arquitectos Julio Arroyo y Pablo Barese\u00a0(este \u00faltimo como presidente del mismo) en representaci\u00f3n del Ministerio de Educaci\u00f3n de la Provincia de Santa Fe; los arquitectos\u00a0Gustavo Barrirero y Rita Chianetta, por el CAUPSF; y el arquitecto\u00a0Javier Mendiondo\u00a0por voto de los participantes.<\/p>\n<p>El certamen fue de car\u00e1cter abierto, provincial, de anteproyectos, a una sola vuelta y no vinculante, conforme lo establecido por el reglamento de la Federaci\u00f3n Argentina de Entidades de Arquitectos (FADEA).<\/p>\n<p><strong>Primer Premio: CASAGRANDE<\/strong><\/p>\n<p>La obra propuesta\u00a0reconoce una base conceptual s\u00f3lida, que hace referencia a formas tradicionales y aut\u00f3ctonas\u00a0del habitar comunitario de la regi\u00f3n.<\/p>\n<p>Tales conceptos se traducen en\u00a0una pieza principal, extendida en horizontal y con una leve curvatura en planta, m\u00e1s unos cuerpos cil\u00edndricos en proximidad y un volumen vertical, m\u00e1s distante.<\/p>\n<p>El elemento dominante\u00a0es un generoso techo com\u00fan que contiene a la comunidad de escolares. Bajo esta generosa cubierta, montada sobre una estructura de madera de apariencia ligera, se resuelven tanto los requerimientos pr\u00e1cticos como simb\u00f3licos de la propuesta.<\/p>\n<p>La tecnolog\u00eda constructiva es liviana, permite el montaje en seco limitando la obra h\u00fameda, con predominio de la madera.<\/p>\n<p>Es posible la aplicaci\u00f3n de recursos de bioclimatizaci\u00f3n y acondicionamiento pasivo. Es asimismo posible la construcci\u00f3n por etapas si fuera necesario.<\/p>\n<p><strong>Ubicaci\u00f3n<\/strong><\/p>\n<p>La intervenci\u00f3n se ubicar\u00e1 en las inmediaciones de\u00a0la Laguna La Verde, un paraje situado a 46 km al norte de la ciudad de San Crist\u00f3bal, dentro del distrito de la Comuna de Huanqueros, y abarca aproximadamente 800 metros cuadrados dentro de un predio de 4 hect\u00e1reas.<\/p>\n","protected":false},"excerpt":{"rendered":"<p>En el marco del Plan Integral de Puesta en Valor de Laguna La Verde, anunciado por el gobernador Maximiliano Pullaro. El senador provincial Felipe Michlig y el ministro de Educaci\u00f3n de la Provincia Jos\u00e9 Goity participaron en la sede del Colegio de Arquitectura y Urbanismo de la Provincia de Santa Fe \u2013 Distrito 1, del [&hellip;]<\/p>\n","protected":false},"author":3,"featured_media":63324,"comment_status":"closed","ping_status":"closed","sticky":false,"template":"","format":"standard","meta":{"_joinchat":[],"footnotes":""},"categories":[60,44],"tags":[],"class_list":{"0":"post-63323","1":"post","2":"type-post","3":"status-publish","4":"format-standard","5":"has-post-thumbnail","7":"category-provinciales","8":"category-turismo"},"_links":{"self":[{"href":"https:\/\/infovera.com.ar\/web\/wp-json\/wp\/v2\/posts\/63323","targetHints":{"allow":["GET"]}}],"collection":[{"href":"https:\/\/infovera.com.ar\/web\/wp-json\/wp\/v2\/posts"}],"about":[{"href":"https:\/\/infovera.com.ar\/web\/wp-json\/wp\/v2\/types\/post"}],"author":[{"embeddable":true,"href":"https:\/\/infovera.com.ar\/web\/wp-json\/wp\/v2\/users\/3"}],"replies":[{"embeddable":true,"href":"https:\/\/infovera.com.ar\/web\/wp-json\/wp\/v2\/comments?post=63323"}],"version-history":[{"count":0,"href":"https:\/\/infovera.com.ar\/web\/wp-json\/wp\/v2\/posts\/63323\/revisions"}],"wp:featuredmedia":[{"embeddable":true,"href":"https:\/\/infovera.com.ar\/web\/wp-json\/wp\/v2\/media\/63324"}],"wp:attachment":[{"href":"https:\/\/infovera.com.ar\/web\/wp-json\/wp\/v2\/media?parent=63323"}],"wp:term":[{"taxonomy":"category","embeddable":true,"href":"https:\/\/infovera.com.ar\/web\/wp-json\/wp\/v2\/categories?post=63323"},{"taxonomy":"post_tag","embeddable":true,"href":"https:\/\/infovera.com.ar\/web\/wp-json\/wp\/v2\/tags?post=63323"}],"curies":[{"name":"wp","href":"https:\/\/api.w.org\/{rel}","templated":true}]}}