{"id":63316,"date":"2025-05-30T08:20:05","date_gmt":"2025-05-30T11:20:05","guid":{"rendered":"https:\/\/infovera.com.ar\/web\/?p=63316"},"modified":"2025-05-31T14:12:20","modified_gmt":"2025-05-31T17:12:20","slug":"canada-ombu-sufre-la-falta-de-presion-de-agua-y-el-mal-estado-de-los-caminos","status":"publish","type":"post","link":"https:\/\/infovera.com.ar\/web\/2025\/05\/30\/canada-ombu-sufre-la-falta-de-presion-de-agua-y-el-mal-estado-de-los-caminos\/","title":{"rendered":"Ca\u00f1ada Omb\u00fa sufre la falta de presi\u00f3n de agua y el mal estado de los caminos"},"content":{"rendered":"<p data-start=\"256\" data-end=\"433\"><span class=\"_fadeIn_m1hgl_8\">Vecinos <\/span><span class=\"_fadeIn_m1hgl_8\">de <\/span><span class=\"_fadeIn_m1hgl_8\">Ca\u00f1ada <\/span><span class=\"_fadeIn_m1hgl_8\">Omb\u00fa <\/span><span class=\"_fadeIn_m1hgl_8\">expresaron <\/span><span class=\"_fadeIn_m1hgl_8\">su <\/span><span class=\"_fadeIn_m1hgl_8\">malestar <\/span><span class=\"_fadeIn_m1hgl_8\">ante <\/span><span class=\"_fadeIn_m1hgl_8\">dos <\/span><span class=\"_fadeIn_m1hgl_8\">problem\u00e1ticas <\/span><span class=\"_fadeIn_m1hgl_8\">que <\/span><span class=\"_fadeIn_m1hgl_8\">complican <\/span><span class=\"_fadeIn_m1hgl_8\">su <\/span><span class=\"_fadeIn_m1hgl_8\">vida <\/span><span class=\"_fadeIn_m1hgl_8\">diaria: <\/span><span class=\"_fadeIn_m1hgl_8\">la <\/span><span class=\"_fadeIn_m1hgl_8\">baja <\/span><span class=\"_fadeIn_m1hgl_8\">presi\u00f3n <\/span><span class=\"_fadeIn_m1hgl_8\">en <\/span><span class=\"_fadeIn_m1hgl_8\">el <\/span><span class=\"_fadeIn_m1hgl_8\">suministro <\/span><span class=\"_fadeIn_m1hgl_8\">de <\/span><span class=\"_fadeIn_m1hgl_8\">agua <\/span><span class=\"_fadeIn_m1hgl_8\">y <\/span><span class=\"_fadeIn_m1hgl_8\">el <\/span><span class=\"_fadeIn_m1hgl_8\">mal <\/span><span class=\"_fadeIn_m1hgl_8\">estado <\/span><span class=\"_fadeIn_m1hgl_8\">de <\/span><span class=\"_fadeIn_m1hgl_8\">los <\/span><span class=\"_fadeIn_m1hgl_8\">caminos <\/span><span class=\"_fadeIn_m1hgl_8\">rurales.<\/span><\/p>\n<p data-start=\"435\" data-end=\"710\"><span class=\"_fadeIn_m1hgl_8\">En <\/span><span class=\"_fadeIn_m1hgl_8\">la <\/span><span class=\"_fadeIn_m1hgl_8\">zona, <\/span><span class=\"_fadeIn_m1hgl_8\">la <\/span><span class=\"_fadeIn_m1hgl_8\">falta <\/span><span class=\"_fadeIn_m1hgl_8\">de <\/span><span class=\"_fadeIn_m1hgl_8\">mantenimiento <\/span><span class=\"_fadeIn_m1hgl_8\">vial <\/span><span class=\"_fadeIn_m1hgl_8\">qued\u00f3 <\/span><span class=\"_fadeIn_m1hgl_8\">nuevamente <\/span><span class=\"_fadeIn_m1hgl_8\">en <\/span><span class=\"_fadeIn_m1hgl_8\">evidencia <\/span><span class=\"_fadeIn_m1hgl_8\">tras <\/span><span class=\"_fadeIn_m1hgl_8\">las <\/span><span class=\"_fadeIn_m1hgl_8\">lluvias, <\/span><span class=\"_fadeIn_m1hgl_8\">con <\/span><span class=\"_fadeIn_m1hgl_8\">veh\u00edculos <\/span><span class=\"_fadeIn_m1hgl_8\">encajados <\/span><span class=\"_fadeIn_m1hgl_8\">y <\/span><span class=\"_fadeIn_m1hgl_8\">caminos <\/span><span class=\"_fadeIn_m1hgl_8\">que <\/span><span class=\"_fadeIn_m1hgl_8\">se <\/span><span class=\"_fadeIn_m1hgl_8\">vuelven <\/span><span class=\"_fadeIn_m1hgl_8\">intransitables. <\/span><span class=\"_fadeIn_m1hgl_8\">A <\/span><span class=\"_fadeIn_m1hgl_8\">esto <\/span><span class=\"_fadeIn_m1hgl_8\">se <\/span><span class=\"_fadeIn_m1hgl_8\">suma <\/span><span class=\"_fadeIn_m1hgl_8\">una <\/span><span class=\"_fadeIn_m1hgl_8\">constante: <\/span><span class=\"_fadeIn_m1hgl_8\">la <\/span><span class=\"_fadeIn_m1hgl_8\">deficiente <\/span><span class=\"_fadeIn_m1hgl_8\">presi\u00f3n <\/span><span class=\"_fadeIn_m1hgl_8\">de <\/span><span class=\"_fadeIn_m1hgl_8\">agua, <\/span><span class=\"_fadeIn_m1hgl_8\">que <\/span><span class=\"_fadeIn_m1hgl_8\">afecta <\/span><span class=\"_fadeIn_m1hgl_8\">el <\/span><span class=\"_fadeIn_m1hgl_8\">acceso <\/span><span class=\"_fadeIn_m1hgl_8\">b\u00e1sico <\/span><span class=\"_fadeIn_m1hgl_8\">al <\/span><span class=\"_fadeIn_m1hgl_8\">servicio <\/span><span class=\"_fadeIn_m1hgl_8\">en <\/span><span class=\"_fadeIn_m1hgl_8\">muchos <\/span><span class=\"_fadeIn_m1hgl_8\">hogares.<\/span><\/p>\n<p data-start=\"712\" data-end=\"935\"><span class=\"_fadeIn_m1hgl_8\">La <\/span><span class=\"_fadeIn_m1hgl_8\">comunidad <\/span><span class=\"_fadeIn_m1hgl_8\">reclama <\/span><span class=\"_fadeIn_m1hgl_8\">soluciones <\/span><span class=\"_fadeIn_m1hgl_8\">urgentes <\/span><span class=\"_fadeIn_m1hgl_8\">tanto <\/span><span class=\"_fadeIn_m1hgl_8\">al <\/span><span class=\"_fadeIn_m1hgl_8\">gobierno <\/span><span class=\"_fadeIn_m1hgl_8\">local <\/span><span class=\"_fadeIn_m1hgl_8\">como <\/span><span class=\"_fadeIn_m1hgl_8\">a <\/span><span class=\"_fadeIn_m1hgl_8\">las <\/span><span class=\"_fadeIn_m1hgl_8\">autoridades <\/span><span class=\"_fadeIn_m1hgl_8\">provinciales, <\/span><span class=\"_fadeIn_m1hgl_8\">ya <\/span><span class=\"_fadeIn_m1hgl_8\">que <\/span><span class=\"_fadeIn_m1hgl_8\">estas <\/span><span class=\"_fadeIn_m1hgl_8\">condiciones <\/span><span class=\"_fadeIn_m1hgl_8\">perjudican <\/span><span class=\"_fadeIn_m1hgl_8\">no <\/span><span class=\"_fadeIn_m1hgl_8\">solo <\/span><span class=\"_fadeIn_m1hgl_8\">la <\/span><span class=\"_fadeIn_m1hgl_8\">vida <\/span><span class=\"_fadeIn_m1hgl_8\">cotidiana, <\/span><span class=\"_fadeIn_m1hgl_8\">sino <\/span><span class=\"_fadeIn_m1hgl_8\">tambi\u00e9n <\/span><span class=\"_fadeIn_m1hgl_8\">la <\/span><span class=\"_fadeIn_m1hgl_8\">producci\u00f3n <\/span><span class=\"_fadeIn_m1hgl_8\">y <\/span><span class=\"_fadeIn_m1hgl_8\">circulaci\u00f3n <\/span><span class=\"_fadeIn_m1hgl_8\">en <\/span><span class=\"_fadeIn_m1hgl_8\">el <\/span><span class=\"_fadeIn_m1hgl_8\">\u00e1rea <\/span><span class=\"_fadeIn_m1hgl_8\">rural.<\/span><\/p>\n<p>&#8220;En Ca\u00f1ada Omb\u00fa estamos sin presi\u00f3n de agua potable desde diciembre, si pueden difundir por favor porque no hay soluci\u00f3n y ya van a cumplirse 6 meses de esta situaci\u00f3n&#8221;, se quej\u00f3 un vecino de la localidad del extremo norte departamental.<\/p>\n<p>&#8220;Y cobran 5 mil pesos por mes&#8221;, por el servicio, ironiz\u00f3.<\/p>\n<p><strong>&#8220;No es para quejarse de la provincia, porque no tiene nada que ver con la comuna. Pero no arreglan y no tenemos presi\u00f3n en los tanques. Hay que poner un tanque abajo para que\u00a0 llegue el agua arriba de los tanques&#8221;, describi\u00f3.<\/strong><\/p>\n<p>E insisti\u00f3: &#8220;No hay presi\u00f3n. Yo tengo el tanque desde diciembre lleno de sales&#8221;.<\/p>\n<p>Por otra parte, otro habitante de la localidad grafic\u00f3 con fotos el mal estado de las calles de la localidad<strong>. &#8220;Paso a nivel, Ca\u00f1ada Omb\u00fa. Pullaro, queremos 20 cuadras de pavimento como pidi\u00f3 la comuna&#8221;.<\/strong><\/p>\n<p>Ambos son problemas recurrentes que no encuentran soluci\u00f3n por parte de las autoridades.<\/p>\n<p><a href=\"https:\/\/infovera.com.ar\/web\/wp-content\/uploads\/2025\/05\/canos-sales.jpg\"><img loading=\"lazy\" decoding=\"async\" class=\"alignleft size-full wp-image-63319\" src=\"https:\/\/infovera.com.ar\/web\/wp-content\/uploads\/2025\/05\/canos-sales.jpg\" alt=\"\" width=\"1600\" height=\"900\" srcset=\"https:\/\/infovera.com.ar\/web\/wp-content\/uploads\/2025\/05\/canos-sales.jpg 1600w, https:\/\/infovera.com.ar\/web\/wp-content\/uploads\/2025\/05\/canos-sales-696x392.jpg 696w, https:\/\/infovera.com.ar\/web\/wp-content\/uploads\/2025\/05\/canos-sales-1068x601.jpg 1068w, https:\/\/infovera.com.ar\/web\/wp-content\/uploads\/2025\/05\/canos-sales-747x420.jpg 747w\" sizes=\"auto, (max-width: 1600px) 100vw, 1600px\" \/><\/a><\/p>\n<p><a href=\"https:\/\/infovera.com.ar\/web\/wp-content\/uploads\/2025\/05\/canos1.jpg\"><img loading=\"lazy\" decoding=\"async\" class=\"alignleft size-full wp-image-63318\" src=\"https:\/\/infovera.com.ar\/web\/wp-content\/uploads\/2025\/05\/canos1.jpg\" alt=\"\" width=\"1600\" height=\"900\" srcset=\"https:\/\/infovera.com.ar\/web\/wp-content\/uploads\/2025\/05\/canos1.jpg 1600w, https:\/\/infovera.com.ar\/web\/wp-content\/uploads\/2025\/05\/canos1-696x392.jpg 696w, https:\/\/infovera.com.ar\/web\/wp-content\/uploads\/2025\/05\/canos1-1068x601.jpg 1068w, https:\/\/infovera.com.ar\/web\/wp-content\/uploads\/2025\/05\/canos1-747x420.jpg 747w\" sizes=\"auto, (max-width: 1600px) 100vw, 1600px\" \/><\/a><\/p>\n","protected":false},"excerpt":{"rendered":"<p>Vecinos de Ca\u00f1ada Omb\u00fa expresaron su malestar ante dos problem\u00e1ticas que complican su vida diaria: la baja presi\u00f3n en el suministro de agua y el mal estado de los caminos rurales. En la zona, la falta de mantenimiento vial qued\u00f3 nuevamente en evidencia tras las lluvias, con veh\u00edculos encajados y caminos que se vuelven intransitables. [&hellip;]<\/p>\n","protected":false},"author":3,"featured_media":63317,"comment_status":"closed","ping_status":"closed","sticky":false,"template":"","format":"standard","meta":{"_joinchat":[],"footnotes":""},"categories":[51],"tags":[],"class_list":{"0":"post-63316","1":"post","2":"type-post","3":"status-publish","4":"format-standard","5":"has-post-thumbnail","7":"category-locales"},"_links":{"self":[{"href":"https:\/\/infovera.com.ar\/web\/wp-json\/wp\/v2\/posts\/63316","targetHints":{"allow":["GET"]}}],"collection":[{"href":"https:\/\/infovera.com.ar\/web\/wp-json\/wp\/v2\/posts"}],"about":[{"href":"https:\/\/infovera.com.ar\/web\/wp-json\/wp\/v2\/types\/post"}],"author":[{"embeddable":true,"href":"https:\/\/infovera.com.ar\/web\/wp-json\/wp\/v2\/users\/3"}],"replies":[{"embeddable":true,"href":"https:\/\/infovera.com.ar\/web\/wp-json\/wp\/v2\/comments?post=63316"}],"version-history":[{"count":0,"href":"https:\/\/infovera.com.ar\/web\/wp-json\/wp\/v2\/posts\/63316\/revisions"}],"wp:featuredmedia":[{"embeddable":true,"href":"https:\/\/infovera.com.ar\/web\/wp-json\/wp\/v2\/media\/63317"}],"wp:attachment":[{"href":"https:\/\/infovera.com.ar\/web\/wp-json\/wp\/v2\/media?parent=63316"}],"wp:term":[{"taxonomy":"category","embeddable":true,"href":"https:\/\/infovera.com.ar\/web\/wp-json\/wp\/v2\/categories?post=63316"},{"taxonomy":"post_tag","embeddable":true,"href":"https:\/\/infovera.com.ar\/web\/wp-json\/wp\/v2\/tags?post=63316"}],"curies":[{"name":"wp","href":"https:\/\/api.w.org\/{rel}","templated":true}]}}