{"id":63313,"date":"2025-05-30T08:18:15","date_gmt":"2025-05-30T11:18:15","guid":{"rendered":"https:\/\/infovera.com.ar\/web\/?p=63313"},"modified":"2025-05-31T14:12:50","modified_gmt":"2025-05-31T17:12:50","slug":"cronograma-de-pago-de-haberes-de-mayo-a-trabajadores-provinciales","status":"publish","type":"post","link":"https:\/\/infovera.com.ar\/web\/2025\/05\/30\/cronograma-de-pago-de-haberes-de-mayo-a-trabajadores-provinciales\/","title":{"rendered":"Cronograma de pago de haberes de mayo a trabajadores provinciales"},"content":{"rendered":"<p><strong>Comenzar\u00e1 el lunes 2 de junio y se completar\u00e1 el viernes 6. Quienes cobren en el primer turno tendr\u00e1n acreditado el pago en sus cuentas el s\u00e1bado 31 de mayo. El pago por planilla complementaria de la diferencia por el mes abril (3 %) del acuerdo paritario y la compensaci\u00f3n para quienes, en marzo, tuvieron una suba inferior a la inflaci\u00f3n, se abonar\u00e1 el martes 10.<\/strong><\/p>\n<p>El Gobierno Provincial, a trav\u00e9s del Ministerio de Econom\u00eda, inform\u00f3 que los haberes del mes de mayo se percibir\u00e1n a partir del lunes 2 de junio (el primer turno correspondiente al escalaf\u00f3n policial, penitenciario y pasivos que cobren hasta $ 1.000.000 lo tendr\u00e1 acreditado el s\u00e1bado 31 de mayo), finalizando el cronograma de pago el viernes 6.<\/p>\n<p>La liquidaci\u00f3n incluye el incremento acordado en paritarias del 5,6 % para mayo respecto de los haberes de marzo (3 % abril, 2,6 % mayo).<\/p>\n<p>En tanto, el aumento correspondiente al mes de abril del 3 % respecto de marzo -que est\u00e1 pendiente de pago-, y la compensaci\u00f3n para quienes en el primer trimestre tuvieron una suba inferior a la inflaci\u00f3n, se abonar\u00e1 por planilla complementaria el martes 10 de junio.<\/p>\n<p>Lunes 2 de junio (acreditaci\u00f3n en cuenta s\u00e1bado 31 de mayo)<br \/>\n* Pasivos a los que les corresponde percibir un monto de bolsillo de hasta $1.000.000.<br \/>\n* Escalaf\u00f3n Policial y Penitenciario.<\/p>\n<p>Martes 3 de junio<br \/>\n* Activos a los que les corresponde percibir un monto de bolsillo de hasta $1.000.000<br \/>\n* Docentes de Escuelas Privadas Transferidas 1\u00b0 y 2\u00b0 Convenio<\/p>\n<p>Mi\u00e9rcoles 4 de junio<br \/>\n* Resto de Activos a los que les corresponde percibir un monto de bolsillo superior a $1.000.000<br \/>\n* Docentes de Escuelas Privadas Hist\u00f3ricas<\/p>\n<p>Jueves 5 de junio<br \/>\n* Resto de Pasivos a los que les corresponde percibir un monto de bolsillo superior a $1.000.000<\/p>\n<p>Viernes 6 de junio<br \/>\n* Autoridades Superiores: Poder Judicial, Poder Legislativo y Poder Ejecutivo.<\/p>\n<p>Martes 10 de junio<br \/>\n* 3% de aumento correspondiente a abril, y compensaci\u00f3n para quienes en el primer trimestre tuvieron una suba inferior a la inflaci\u00f3n.<\/p>\n","protected":false},"excerpt":{"rendered":"<p>Comenzar\u00e1 el lunes 2 de junio y se completar\u00e1 el viernes 6. Quienes cobren en el primer turno tendr\u00e1n acreditado el pago en sus cuentas el s\u00e1bado 31 de mayo. El pago por planilla complementaria de la diferencia por el mes abril (3 %) del acuerdo paritario y la compensaci\u00f3n para quienes, en marzo, tuvieron [&hellip;]<\/p>\n","protected":false},"author":3,"featured_media":63314,"comment_status":"closed","ping_status":"closed","sticky":false,"template":"","format":"standard","meta":{"_joinchat":[],"footnotes":""},"categories":[60],"tags":[],"class_list":{"0":"post-63313","1":"post","2":"type-post","3":"status-publish","4":"format-standard","5":"has-post-thumbnail","7":"category-provinciales"},"_links":{"self":[{"href":"https:\/\/infovera.com.ar\/web\/wp-json\/wp\/v2\/posts\/63313","targetHints":{"allow":["GET"]}}],"collection":[{"href":"https:\/\/infovera.com.ar\/web\/wp-json\/wp\/v2\/posts"}],"about":[{"href":"https:\/\/infovera.com.ar\/web\/wp-json\/wp\/v2\/types\/post"}],"author":[{"embeddable":true,"href":"https:\/\/infovera.com.ar\/web\/wp-json\/wp\/v2\/users\/3"}],"replies":[{"embeddable":true,"href":"https:\/\/infovera.com.ar\/web\/wp-json\/wp\/v2\/comments?post=63313"}],"version-history":[{"count":0,"href":"https:\/\/infovera.com.ar\/web\/wp-json\/wp\/v2\/posts\/63313\/revisions"}],"wp:featuredmedia":[{"embeddable":true,"href":"https:\/\/infovera.com.ar\/web\/wp-json\/wp\/v2\/media\/63314"}],"wp:attachment":[{"href":"https:\/\/infovera.com.ar\/web\/wp-json\/wp\/v2\/media?parent=63313"}],"wp:term":[{"taxonomy":"category","embeddable":true,"href":"https:\/\/infovera.com.ar\/web\/wp-json\/wp\/v2\/categories?post=63313"},{"taxonomy":"post_tag","embeddable":true,"href":"https:\/\/infovera.com.ar\/web\/wp-json\/wp\/v2\/tags?post=63313"}],"curies":[{"name":"wp","href":"https:\/\/api.w.org\/{rel}","templated":true}]}}