{"id":63303,"date":"2025-05-29T19:30:16","date_gmt":"2025-05-29T22:30:16","guid":{"rendered":"https:\/\/infovera.com.ar\/web\/?p=63303"},"modified":"2025-05-29T19:30:16","modified_gmt":"2025-05-29T22:30:16","slug":"hallan-una-moto-robada-desarmada-entre-las-malezas-en-fortin-olmos","status":"publish","type":"post","link":"https:\/\/infovera.com.ar\/web\/2025\/05\/29\/hallan-una-moto-robada-desarmada-entre-las-malezas-en-fortin-olmos\/","title":{"rendered":"Hallan una moto robada desarmada entre las malezas en Fort\u00edn Olmos"},"content":{"rendered":"<p>En horas del mediod\u00eda del 29 de mayo, personal policial de la Comisar\u00eda 3\u00aa de Fort\u00edn Olmos fue alertado por un vecino sobre un hallazgo inusual en un camino vecinal de la localidad. Al llegar al lugar, los efectivos constataron la presencia de un cuadro de motocicleta abandonado entre las malezas, totalmente desarmado.<\/p>\n<p>De inmediato, los agentes procedieron al secuestro preventivo del motoveh\u00edculo y trasladaron las partes a la sede policial para su identificaci\u00f3n. Tras realizar las actuaciones correspondientes, se determin\u00f3 que los restos pertenec\u00edan a una motocicleta Yamaha Crypton T110 CC, de color roja, la cual hab\u00eda sido denunciada como sustra\u00edda el 6 de marzo de 2025.<\/p>\n<p>La causa fue caratulada, en principio, como &#8220;Hurto&#8221;, y se dio intervenci\u00f3n al fiscal en turno, quien dispuso las diligencias a seguir para continuar con la investigaci\u00f3n.<\/p>\n<p>Este tipo de hallazgos refuerza la importancia de la colaboraci\u00f3n ciudadana en la detecci\u00f3n de actividades il\u00edcitas y permite avanzar en la recuperaci\u00f3n de bienes robados.<\/p>\n","protected":false},"excerpt":{"rendered":"<p>En horas del mediod\u00eda del 29 de mayo, personal policial de la Comisar\u00eda 3\u00aa de Fort\u00edn Olmos fue alertado por un vecino sobre un hallazgo inusual en un camino vecinal de la localidad. Al llegar al lugar, los efectivos constataron la presencia de un cuadro de motocicleta abandonado entre las malezas, totalmente desarmado. De inmediato, [&hellip;]<\/p>\n","protected":false},"author":3,"featured_media":63304,"comment_status":"closed","ping_status":"closed","sticky":false,"template":"","format":"standard","meta":{"_joinchat":[],"footnotes":""},"categories":[51,30],"tags":[],"class_list":{"0":"post-63303","1":"post","2":"type-post","3":"status-publish","4":"format-standard","5":"has-post-thumbnail","7":"category-locales","8":"category-policiales"},"_links":{"self":[{"href":"https:\/\/infovera.com.ar\/web\/wp-json\/wp\/v2\/posts\/63303","targetHints":{"allow":["GET"]}}],"collection":[{"href":"https:\/\/infovera.com.ar\/web\/wp-json\/wp\/v2\/posts"}],"about":[{"href":"https:\/\/infovera.com.ar\/web\/wp-json\/wp\/v2\/types\/post"}],"author":[{"embeddable":true,"href":"https:\/\/infovera.com.ar\/web\/wp-json\/wp\/v2\/users\/3"}],"replies":[{"embeddable":true,"href":"https:\/\/infovera.com.ar\/web\/wp-json\/wp\/v2\/comments?post=63303"}],"version-history":[{"count":0,"href":"https:\/\/infovera.com.ar\/web\/wp-json\/wp\/v2\/posts\/63303\/revisions"}],"wp:featuredmedia":[{"embeddable":true,"href":"https:\/\/infovera.com.ar\/web\/wp-json\/wp\/v2\/media\/63304"}],"wp:attachment":[{"href":"https:\/\/infovera.com.ar\/web\/wp-json\/wp\/v2\/media?parent=63303"}],"wp:term":[{"taxonomy":"category","embeddable":true,"href":"https:\/\/infovera.com.ar\/web\/wp-json\/wp\/v2\/categories?post=63303"},{"taxonomy":"post_tag","embeddable":true,"href":"https:\/\/infovera.com.ar\/web\/wp-json\/wp\/v2\/tags?post=63303"}],"curies":[{"name":"wp","href":"https:\/\/api.w.org\/{rel}","templated":true}]}}