{"id":63300,"date":"2025-05-29T18:19:27","date_gmt":"2025-05-29T21:19:27","guid":{"rendered":"https:\/\/infovera.com.ar\/web\/?p=63300"},"modified":"2025-05-30T10:03:22","modified_gmt":"2025-05-30T13:03:22","slug":"lewandowski-solicito-que-se-declare-la-emergencia-ambiental-economica-y-habitacional-para-el-norte","status":"publish","type":"post","link":"https:\/\/infovera.com.ar\/web\/2025\/05\/29\/lewandowski-solicito-que-se-declare-la-emergencia-ambiental-economica-y-habitacional-para-el-norte\/","title":{"rendered":"Lewandowski solicit\u00f3 que se declare la emergencia ambiental, econ\u00f3mica y habitacional para el norte"},"content":{"rendered":"<p>El senador nacional Marcelo Lewandowski expres\u00f3 su preocupaci\u00f3n ante la dif\u00edcil situaci\u00f3n que est\u00e1n atravesando santafesinos que viven en el norte provincial y\u00a0present\u00f3 un proyecto para declarar la emergencia ambiental, econ\u00f3mica y habitacional en las localidades, municipios y comunas del norte de la provincia de Santa Fe, afectados por el temporal que se desarroll\u00f3 durante el lunes 26 y martes 27 de mayo de 2025.<\/p>\n<p>La iniciativa exhorta al gobierno nacional a &#8220;movilizar recursos econ\u00f3micos y log\u00edsticos para atender las necesidades m\u00e1s urgentes de la poblaci\u00f3n&#8221; y advierte que &#8220;estas medidas deben tomarse en coordinaci\u00f3n con el gobierno provincial y los gobiernos locales&#8221;. La misma considera que &#8220;es indispensable implementar medidas que incluyan la asistencia financiera a los afectados y la realizaci\u00f3n de obras para reparar la infraestructura da\u00f1ada\u201d.<\/p>\n<p>\u201cSe necesitan movilizar recursos econ\u00f3micos y log\u00edsticos para atender las necesidades m\u00e1s urgentes de la poblaci\u00f3n\u201d e insta a &#8220;todos los niveles del Estado (Naci\u00f3n, Provincia y municipios) act\u00faen con celeridad y en forma coordinada para asegurar la recuperaci\u00f3n de la regi\u00f3n&#8221;, sostuvo.<\/p>\n<p>&#8220;Este temporal no solo ha afectado la vivienda de las familias del norte de mi provincia, sino que tambi\u00e9n ha tenido graves repercusiones devastadoras para la infraestructura y la actividad agr\u00edcola de la regi\u00f3n&#8221;, afirm\u00f3 Lewandowski.<\/p>\n<p>Por \u00faltimo el senador nacional sostuvo que &#8220;fue fundamental ante semejante emergencia la solidaridad del pueblo santafesino y de la comunidad organizada&#8221; pero es &#8220;imperiosa la presencia del estado para ayudar y atender las necesidades de la gente que la esta\u0301 pasando muy mal&#8221;.<\/p>\n<p>Principales lineamientos del proyecto:<\/p>\n<p>* Se declara la emergencia ambiental, econ\u00f3mica y habitacional, por el t\u00e9rmino de noventa d\u00edas, prorrogables por igual plazo por el Poder Ejecutivo Nacional, en las localidades, municipios y comunas del norte de la provincia de Santa Fe, afectados por el temporal.<\/p>\n<p>* Se solicita al Ejecutivo Nacional a destinar una partida extraordinaria para intervenir y asistir inmediatamente a la reconstrucci\u00f3n de infraestructura y recuperaci\u00f3n de las actividades econ\u00f3micas, sanitarias, educativas y sociales.<\/p>\n<p>* En coordinaci\u00f3n con las autoridades provinciales y municipales se solicita implementar medidas de asistencia financiera, a trav\u00e9s de los bancos nacionales, oficiales o mixtos como l\u00edneas de cr\u00e9ditos con tasas bonificadas; suspensi\u00f3n y renovaci\u00f3n de las obligaciones bancarias y deudas pendientes al inicio de la emergencia; suspensi\u00f3n de juicios y procedimientos administrativos de cobro de acreencias.<\/p>\n<p>* Se faculta al Poder Ejecutivo a implementar, a trav\u00e9s de la Agencia de Recaudaci\u00f3n y Control Aduanero (ARCA) y la Administraci\u00f3n Nacional de la Seguridad Social (ANSES), reg\u00edmenes especiales de pago y medidas impositivas que incluyan la pr\u00f3rroga de vencimientos y exenciones impositivas.<\/p>\n","protected":false},"excerpt":{"rendered":"<p>El senador nacional Marcelo Lewandowski expres\u00f3 su preocupaci\u00f3n ante la dif\u00edcil situaci\u00f3n que est\u00e1n atravesando santafesinos que viven en el norte provincial y\u00a0present\u00f3 un proyecto para declarar la emergencia ambiental, econ\u00f3mica y habitacional en las localidades, municipios y comunas del norte de la provincia de Santa Fe, afectados por el temporal que se desarroll\u00f3 durante [&hellip;]<\/p>\n","protected":false},"author":3,"featured_media":63301,"comment_status":"closed","ping_status":"closed","sticky":false,"template":"","format":"standard","meta":{"_joinchat":[],"footnotes":""},"categories":[53],"tags":[],"class_list":{"0":"post-63300","1":"post","2":"type-post","3":"status-publish","4":"format-standard","5":"has-post-thumbnail","7":"category-vera"},"_links":{"self":[{"href":"https:\/\/infovera.com.ar\/web\/wp-json\/wp\/v2\/posts\/63300","targetHints":{"allow":["GET"]}}],"collection":[{"href":"https:\/\/infovera.com.ar\/web\/wp-json\/wp\/v2\/posts"}],"about":[{"href":"https:\/\/infovera.com.ar\/web\/wp-json\/wp\/v2\/types\/post"}],"author":[{"embeddable":true,"href":"https:\/\/infovera.com.ar\/web\/wp-json\/wp\/v2\/users\/3"}],"replies":[{"embeddable":true,"href":"https:\/\/infovera.com.ar\/web\/wp-json\/wp\/v2\/comments?post=63300"}],"version-history":[{"count":0,"href":"https:\/\/infovera.com.ar\/web\/wp-json\/wp\/v2\/posts\/63300\/revisions"}],"wp:featuredmedia":[{"embeddable":true,"href":"https:\/\/infovera.com.ar\/web\/wp-json\/wp\/v2\/media\/63301"}],"wp:attachment":[{"href":"https:\/\/infovera.com.ar\/web\/wp-json\/wp\/v2\/media?parent=63300"}],"wp:term":[{"taxonomy":"category","embeddable":true,"href":"https:\/\/infovera.com.ar\/web\/wp-json\/wp\/v2\/categories?post=63300"},{"taxonomy":"post_tag","embeddable":true,"href":"https:\/\/infovera.com.ar\/web\/wp-json\/wp\/v2\/tags?post=63300"}],"curies":[{"name":"wp","href":"https:\/\/api.w.org\/{rel}","templated":true}]}}