{"id":63294,"date":"2025-05-29T19:16:45","date_gmt":"2025-05-29T22:16:45","guid":{"rendered":"https:\/\/infovera.com.ar\/web\/?p=63294"},"modified":"2025-05-30T09:57:56","modified_gmt":"2025-05-30T12:57:56","slug":"vera-no-quedan-evacuados-y-se-decreto-el-cese-de-la-emergencia-climatica","status":"publish","type":"post","link":"https:\/\/infovera.com.ar\/web\/2025\/05\/29\/vera-no-quedan-evacuados-y-se-decreto-el-cese-de-la-emergencia-climatica\/","title":{"rendered":"Vera: no quedan evacuados y se decret\u00f3 el cese de la emergencia clim\u00e1tica"},"content":{"rendered":"<p>El gobierno municipal actualiz\u00f3 los datos de la ciudad de Vera tras la crisis h\u00eddrica.<\/p>\n<p>Hoy, 29 de mayo, se decret\u00f3 el cese de emergencia clim\u00e1tica y se continuar\u00e1 con el monitoreo de situaciones puntuales en la ciudad.<\/p>\n<p>No quedaron evacuados en ninguno de los 3 centros dispuestos, ya que pudieron volver a sus hogares.<\/p>\n<p>Debido al cese de emergencia, se finaliz\u00f3 con la entrega de comida elaborada, realiz\u00e1ndose durante los \u00faltimos 3 d\u00edas 6400 raciones individuales.<\/p>\n<p><a href=\"https:\/\/infovera.com.ar\/web\/wp-content\/uploads\/2025\/05\/CamScanner-29-05-2025-16.54.pdf\">Decreto\u00a0<\/a><\/p>\n<p>Esta ma\u00f1ana se inici\u00f3 la entrega de 700 m\u00f3dulos alimentarios para las familias damnificadas en los 6 puntos de distribuci\u00f3n (comedores municipales y sociales), en estos se incluyeron las donaciones alimentarias que realizaron diferentes instituciones y vecinos. Se entregaron adem\u00e1s 280 colchones y frazadas y 650 kits de limpieza.<\/p>\n<p>Durante las jornadas venideras se continuar\u00e1 con la entrega de ropa donada en el Complejo \u201cLa Estaci\u00f3n\u201d en el horario de 8 a 12.<\/p>\n<p>La Municipalidad de Vera agradeci\u00f3 a los comerciantes, instituciones y vecinos de la regi\u00f3n y el pa\u00eds que colaboraron con distintos elementos para paliar esta triste situaci\u00f3n.<\/p>\n<p><a href=\"https:\/\/infovera.com.ar\/web\/wp-content\/uploads\/2025\/05\/asisten.jpg\"><img loading=\"lazy\" decoding=\"async\" class=\"alignleft size-full wp-image-63297\" src=\"https:\/\/infovera.com.ar\/web\/wp-content\/uploads\/2025\/05\/asisten.jpg\" alt=\"\" width=\"4160\" height=\"3120\" srcset=\"https:\/\/infovera.com.ar\/web\/wp-content\/uploads\/2025\/05\/asisten.jpg 4160w, https:\/\/infovera.com.ar\/web\/wp-content\/uploads\/2025\/05\/asisten-696x522.jpg 696w, https:\/\/infovera.com.ar\/web\/wp-content\/uploads\/2025\/05\/asisten-1068x801.jpg 1068w, https:\/\/infovera.com.ar\/web\/wp-content\/uploads\/2025\/05\/asisten-560x420.jpg 560w, https:\/\/infovera.com.ar\/web\/wp-content\/uploads\/2025\/05\/asisten-80x60.jpg 80w, https:\/\/infovera.com.ar\/web\/wp-content\/uploads\/2025\/05\/asisten-265x198.jpg 265w\" sizes=\"auto, (max-width: 4160px) 100vw, 4160px\" \/><\/a><a href=\"https:\/\/infovera.com.ar\/web\/wp-content\/uploads\/2025\/05\/asisten-2.jpg\"><img loading=\"lazy\" decoding=\"async\" class=\"alignleft size-full wp-image-63296\" src=\"https:\/\/infovera.com.ar\/web\/wp-content\/uploads\/2025\/05\/asisten-2.jpg\" alt=\"\" width=\"4160\" height=\"3120\" srcset=\"https:\/\/infovera.com.ar\/web\/wp-content\/uploads\/2025\/05\/asisten-2.jpg 4160w, https:\/\/infovera.com.ar\/web\/wp-content\/uploads\/2025\/05\/asisten-2-696x522.jpg 696w, https:\/\/infovera.com.ar\/web\/wp-content\/uploads\/2025\/05\/asisten-2-1068x801.jpg 1068w, https:\/\/infovera.com.ar\/web\/wp-content\/uploads\/2025\/05\/asisten-2-560x420.jpg 560w, https:\/\/infovera.com.ar\/web\/wp-content\/uploads\/2025\/05\/asisten-2-80x60.jpg 80w, https:\/\/infovera.com.ar\/web\/wp-content\/uploads\/2025\/05\/asisten-2-265x198.jpg 265w\" sizes=\"auto, (max-width: 4160px) 100vw, 4160px\" \/><\/a><\/p>\n","protected":false},"excerpt":{"rendered":"<p>El gobierno municipal actualiz\u00f3 los datos de la ciudad de Vera tras la crisis h\u00eddrica. Hoy, 29 de mayo, se decret\u00f3 el cese de emergencia clim\u00e1tica y se continuar\u00e1 con el monitoreo de situaciones puntuales en la ciudad. No quedaron evacuados en ninguno de los 3 centros dispuestos, ya que pudieron volver a sus hogares. [&hellip;]<\/p>\n","protected":false},"author":3,"featured_media":63295,"comment_status":"closed","ping_status":"closed","sticky":false,"template":"","format":"standard","meta":{"_joinchat":[],"footnotes":""},"categories":[53],"tags":[],"class_list":{"0":"post-63294","1":"post","2":"type-post","3":"status-publish","4":"format-standard","5":"has-post-thumbnail","7":"category-vera"},"_links":{"self":[{"href":"https:\/\/infovera.com.ar\/web\/wp-json\/wp\/v2\/posts\/63294","targetHints":{"allow":["GET"]}}],"collection":[{"href":"https:\/\/infovera.com.ar\/web\/wp-json\/wp\/v2\/posts"}],"about":[{"href":"https:\/\/infovera.com.ar\/web\/wp-json\/wp\/v2\/types\/post"}],"author":[{"embeddable":true,"href":"https:\/\/infovera.com.ar\/web\/wp-json\/wp\/v2\/users\/3"}],"replies":[{"embeddable":true,"href":"https:\/\/infovera.com.ar\/web\/wp-json\/wp\/v2\/comments?post=63294"}],"version-history":[{"count":0,"href":"https:\/\/infovera.com.ar\/web\/wp-json\/wp\/v2\/posts\/63294\/revisions"}],"wp:featuredmedia":[{"embeddable":true,"href":"https:\/\/infovera.com.ar\/web\/wp-json\/wp\/v2\/media\/63295"}],"wp:attachment":[{"href":"https:\/\/infovera.com.ar\/web\/wp-json\/wp\/v2\/media?parent=63294"}],"wp:term":[{"taxonomy":"category","embeddable":true,"href":"https:\/\/infovera.com.ar\/web\/wp-json\/wp\/v2\/categories?post=63294"},{"taxonomy":"post_tag","embeddable":true,"href":"https:\/\/infovera.com.ar\/web\/wp-json\/wp\/v2\/tags?post=63294"}],"curies":[{"name":"wp","href":"https:\/\/api.w.org\/{rel}","templated":true}]}}