{"id":63284,"date":"2025-05-29T12:59:31","date_gmt":"2025-05-29T15:59:31","guid":{"rendered":"https:\/\/infovera.com.ar\/web\/?p=63284"},"modified":"2025-05-30T10:04:12","modified_gmt":"2025-05-30T13:04:12","slug":"paro-de-48-horas-y-cortes-de-ruta-en-santa-fe-jornada-de-lucha-de-festram","status":"publish","type":"post","link":"https:\/\/infovera.com.ar\/web\/2025\/05\/29\/paro-de-48-horas-y-cortes-de-ruta-en-santa-fe-jornada-de-lucha-de-festram\/","title":{"rendered":"Paro de 48 horas y cortes de ruta en Santa Fe: jornada de lucha de FESTRAM"},"content":{"rendered":"<p>La Federaci\u00f3n de Sindicatos de Trabajadores Municipales de la Provincia de Santa Fe (FESTRAM) lleva adelante desde ayer un paro de 48 horas en reclamo de mejoras salariales y en repudio a las pol\u00edticas de ajuste implementadas por los gobiernos nacional y provincial. La medida incluye cortes de ruta en tres puntos clave del territorio: Ceres, Capit\u00e1n Berm\u00fadez (Ruta 11, altura Mart\u00edn Coppa) y la ciudad de Santa Fe.<\/p>\n<p>Desde el gremio denunciaron la &#8220;imposici\u00f3n unilateral de aumentos salariales por decreto por parte de intendentes y presidentes comunales, replicando lo que ya hab\u00eda hecho el gobernador Maximiliano Pullaro con docentes, trabajadores de la administraci\u00f3n central y del \u00e1rea de salud, tras el fracaso de las negociaciones paritarias&#8221;.<\/p>\n<p>\u201cEstamos defendiendo el salario y los derechos laborales de todos los trabajadores y trabajadoras municipales de la provincia. Lo que te dan por un lado, te lo quitan por el otro\u201d, se\u00f1alaron desde FESTRAM, aludiendo tambi\u00e9n a los recientes incrementos del IAPOS Complementario y de los coseguros, que impactan negativamente en los ingresos de los empleados.<\/p>\n<p>Las regionales del gremio se movilizaron de manera coordinada en distintos puntos de la provincia, garantizando la visibilidad del conflicto y la unidad de los sindicatos de base. \u201cReivindicamos la lucha y las resoluciones adoptadas por nuestro Plenario de Secretarios Generales\u201d, destacaron.<\/p>\n<p>FESTRAM tambi\u00e9n cuestion\u00f3 a los jefes comunales que decidieron descontar los d\u00edas de paro, advirtiendo que estas medidas no solo incumplen el derecho constitucional a huelga, sino que \u201csuman desaciertos y aumentan la conflictividad social\u201d.<\/p>\n<p>En ese sentido, la organizaci\u00f3n volvi\u00f3 a convocar a la unidad de todas las fuerzas sindicales y sociales para resistir \u201clas pol\u00edticas de hambre y represi\u00f3n impulsadas por Javier Milei, y a las que adhiere fervientemente Maximiliano Pullaro\u201d.<\/p>\n","protected":false},"excerpt":{"rendered":"<p>La Federaci\u00f3n de Sindicatos de Trabajadores Municipales de la Provincia de Santa Fe (FESTRAM) lleva adelante desde ayer un paro de 48 horas en reclamo de mejoras salariales y en repudio a las pol\u00edticas de ajuste implementadas por los gobiernos nacional y provincial. La medida incluye cortes de ruta en tres puntos clave del territorio: [&hellip;]<\/p>\n","protected":false},"author":3,"featured_media":63285,"comment_status":"closed","ping_status":"closed","sticky":false,"template":"","format":"standard","meta":{"_joinchat":[],"footnotes":""},"categories":[27,60],"tags":[],"class_list":{"0":"post-63284","1":"post","2":"type-post","3":"status-publish","4":"format-standard","5":"has-post-thumbnail","7":"category-gremiales","8":"category-provinciales"},"_links":{"self":[{"href":"https:\/\/infovera.com.ar\/web\/wp-json\/wp\/v2\/posts\/63284","targetHints":{"allow":["GET"]}}],"collection":[{"href":"https:\/\/infovera.com.ar\/web\/wp-json\/wp\/v2\/posts"}],"about":[{"href":"https:\/\/infovera.com.ar\/web\/wp-json\/wp\/v2\/types\/post"}],"author":[{"embeddable":true,"href":"https:\/\/infovera.com.ar\/web\/wp-json\/wp\/v2\/users\/3"}],"replies":[{"embeddable":true,"href":"https:\/\/infovera.com.ar\/web\/wp-json\/wp\/v2\/comments?post=63284"}],"version-history":[{"count":0,"href":"https:\/\/infovera.com.ar\/web\/wp-json\/wp\/v2\/posts\/63284\/revisions"}],"wp:featuredmedia":[{"embeddable":true,"href":"https:\/\/infovera.com.ar\/web\/wp-json\/wp\/v2\/media\/63285"}],"wp:attachment":[{"href":"https:\/\/infovera.com.ar\/web\/wp-json\/wp\/v2\/media?parent=63284"}],"wp:term":[{"taxonomy":"category","embeddable":true,"href":"https:\/\/infovera.com.ar\/web\/wp-json\/wp\/v2\/categories?post=63284"},{"taxonomy":"post_tag","embeddable":true,"href":"https:\/\/infovera.com.ar\/web\/wp-json\/wp\/v2\/tags?post=63284"}],"curies":[{"name":"wp","href":"https:\/\/api.w.org\/{rel}","templated":true}]}}