{"id":63255,"date":"2025-05-28T08:56:29","date_gmt":"2025-05-28T11:56:29","guid":{"rendered":"https:\/\/infovera.com.ar\/web\/?p=63255"},"modified":"2025-05-28T16:57:01","modified_gmt":"2025-05-28T19:57:01","slug":"pullaro-llega-a-vera-que-busca-superar-la-crisis-hidrica-que-la-sumio-bajo-el-agua","status":"publish","type":"post","link":"https:\/\/infovera.com.ar\/web\/2025\/05\/28\/pullaro-llega-a-vera-que-busca-superar-la-crisis-hidrica-que-la-sumio-bajo-el-agua\/","title":{"rendered":"Pullaro llega a Vera, que busca superar la crisis h\u00eddrica que la sumi\u00f3 bajo el agua"},"content":{"rendered":"<p>El gobernador recorrer\u00e1 los barrios afectados por las lluvias. A\u00fan quedan 60 personas evacuadas.<\/p>\n<p>A media ma\u00f1ana de este mi\u00e9rcoles, el gobernador Maximiliano Pullaro arribar\u00e1 a Vera para recorrer junto a la intendente Paula Mitre los barrios de la ciudad afectados por la lluvia de 450 mm.<\/p>\n<p>Est\u00e1 previsto que el mandatario tome contacto con vecinos y monitoree el operativo de asistencia a los damnificados por las crisis h\u00eddrica que dej\u00f3 bajo el agua a toda la ciudad en la madrugada del martes.<\/p>\n<p>Luego, a las 11, brindar\u00e1 una conferencia de prensa en el sal\u00f3n de reuniones de la Municipalidad de Vera, desde donde actualizaron el cuadro de situaci\u00f3n y precisaron que actualmente quedan alrededor de 60 personas evacuadas: en el Club Gimnasia 40, en el CAPS de San Mart\u00edn de Porres 20 y quienes estaban en el Club Hurac\u00e1n volvieron a sus hogares.<\/p>\n<p>Actualmente, el municipio realiza las tareas de limpieza de calles, por los restos de sedimentos que trajo el agua y el escurrimiento de los restos de agua en las bocacalles.<\/p>\n<p><strong>Asistencia<\/strong><\/p>\n<p>Los equipos de Protecci\u00f3n Civil, Bomberos Voluntarios y Bomberos Zapadores est\u00e1n trabajando en la log\u00edstica para la alimentaci\u00f3n en los distintos Centros de Evacuaci\u00f3n y en seis puntos espec\u00edficos para personas autoevacuadas que por distintos motivos no puedan cocinarse. Se planific\u00f3 adem\u00e1s la asistencia con colchones, frazadas, kits de limpieza y m\u00f3dulos alimentarios a partir de la tarde de este mi\u00e9rcoles, una vez que inicie la vuelta a casa.<\/p>\n<p><strong>Situaci\u00f3n meteorol\u00f3gica<\/strong><\/p>\n<p>El tiempo en la ciudad y regi\u00f3n mejor\u00f3 notablemente, con un importante descenso de la temperatura y una estabilidad generalizada con el ingreso del frente fr\u00edo. El viento ha comenzado a disminuir y no gener\u00f3 inconvenientes.<\/p>\n<p><strong>Seguridad<\/strong><\/p>\n<p>El Ministerio de Justicia y Seguridad, bajo el trabajo de la Unidad Regional XIX de Vera, dispuso 200 efectivos organizados en equipos para la asistencia ciudadana, patrullaje preventivo y evacuaciones. Tambi\u00e9n se encuentran trabajando unos 20 bomberos zapadores, con 6 veh\u00edculos en la zona.<\/p>\n<p><strong>Emergencia social<\/strong><\/p>\n<p><strong>Con la firma de la intendente Paula Mitre, el decreto 29\/2025 declar\u00f3 el estado de emergencia h\u00eddrica y social la totalidad del distrito de Vera a partir del 27 de mayo de 2025,<\/strong> por el tiempo que persista la contingencia clim\u00e1tica mencionada, y convoc\u00f3 a la Junta Local de Protecci\u00f3n Civil del Distrito de Vera a los efectos de \u201cevaluar e instrumentar las medidas que permitan atender en forma inmediata, eficiente y coordinada los inconvenientes generados por las inclemencias clim\u00e1ticas descriptas y posibles eventos pronosticados por las agencias de informaci\u00f3n meteorol\u00f3gicas y organismos del Estado provincial\u201d.<\/p>\n<p>En la resoluci\u00f3n, el municipio calific\u00f3 al fen\u00f3meno clim\u00e1tico como caracterizado por lluvias torrenciales ocurridas en el distrito de Vera y la regi\u00f3n como \u201cinevitable\u201d, y consider\u00f3 vital \u201cinstrumentar todas las medidas necesarias para la organizaci\u00f3n de los recursos humanos y materiales para mitigar los da\u00f1os\u201d, luego de que \u201clas precipitaciones de car\u00e1cter extraordinario producidas causaran serias dificultades en el desarrollo de todo tipo de actividades\u201d.<\/p>\n","protected":false},"excerpt":{"rendered":"<p>El gobernador recorrer\u00e1 los barrios afectados por las lluvias. A\u00fan quedan 60 personas evacuadas. A media ma\u00f1ana de este mi\u00e9rcoles, el gobernador Maximiliano Pullaro arribar\u00e1 a Vera para recorrer junto a la intendente Paula Mitre los barrios de la ciudad afectados por la lluvia de 450 mm. Est\u00e1 previsto que el mandatario tome contacto con [&hellip;]<\/p>\n","protected":false},"author":3,"featured_media":63256,"comment_status":"closed","ping_status":"closed","sticky":false,"template":"","format":"standard","meta":{"_joinchat":[],"footnotes":""},"categories":[1],"tags":[],"class_list":{"0":"post-63255","1":"post","2":"type-post","3":"status-publish","4":"format-standard","5":"has-post-thumbnail","7":"category-sin-categoria"},"_links":{"self":[{"href":"https:\/\/infovera.com.ar\/web\/wp-json\/wp\/v2\/posts\/63255","targetHints":{"allow":["GET"]}}],"collection":[{"href":"https:\/\/infovera.com.ar\/web\/wp-json\/wp\/v2\/posts"}],"about":[{"href":"https:\/\/infovera.com.ar\/web\/wp-json\/wp\/v2\/types\/post"}],"author":[{"embeddable":true,"href":"https:\/\/infovera.com.ar\/web\/wp-json\/wp\/v2\/users\/3"}],"replies":[{"embeddable":true,"href":"https:\/\/infovera.com.ar\/web\/wp-json\/wp\/v2\/comments?post=63255"}],"version-history":[{"count":0,"href":"https:\/\/infovera.com.ar\/web\/wp-json\/wp\/v2\/posts\/63255\/revisions"}],"wp:featuredmedia":[{"embeddable":true,"href":"https:\/\/infovera.com.ar\/web\/wp-json\/wp\/v2\/media\/63256"}],"wp:attachment":[{"href":"https:\/\/infovera.com.ar\/web\/wp-json\/wp\/v2\/media?parent=63255"}],"wp:term":[{"taxonomy":"category","embeddable":true,"href":"https:\/\/infovera.com.ar\/web\/wp-json\/wp\/v2\/categories?post=63255"},{"taxonomy":"post_tag","embeddable":true,"href":"https:\/\/infovera.com.ar\/web\/wp-json\/wp\/v2\/tags?post=63255"}],"curies":[{"name":"wp","href":"https:\/\/api.w.org\/{rel}","templated":true}]}}