{"id":63249,"date":"2025-05-28T08:00:05","date_gmt":"2025-05-28T11:00:05","guid":{"rendered":"https:\/\/infovera.com.ar\/web\/?p=63249"},"modified":"2025-05-29T11:09:01","modified_gmt":"2025-05-29T14:09:01","slug":"provincia-asistio-a-los-evacuados-durante-la-noche-mientras-el-90-de-la-ciudad-ya-se-recupero-del-temporal","status":"publish","type":"post","link":"https:\/\/infovera.com.ar\/web\/2025\/05\/28\/provincia-asistio-a-los-evacuados-durante-la-noche-mientras-el-90-de-la-ciudad-ya-se-recupero-del-temporal\/","title":{"rendered":"Provincia asisti\u00f3 a los evacuados durante la noche, mientras &#8220;el 90% de la ciudad ya se recuper\u00f3 del temporal&#8221;"},"content":{"rendered":"<p><strong>El Gobierno de Santa Fe, a trav\u00e9s de la Secretar\u00eda de Protecci\u00f3n Civil, contin\u00faa coordinando un amplio operativo en la ciudad de Vera. Se trabaja con las \u00e1reas de salud, desarrollo humano, seguridad y obras p\u00fablicas. Hay 75 personas evacuadas, que son asistidas junto a otras 1.600 que se encuentran en sus viviendas afectadas.\u00a0<\/strong><\/p>\n<p>Bajo la coordinaci\u00f3n de Protecci\u00f3n Civil, el Gobierno de Santa Fe, a trav\u00e9s de ministerios y organismos provinciales, contin\u00faa con las tareas en el norte del territorio santafesino, donde llovieron m\u00e1s de 400 mil\u00edmetros en pocas horas, el equivalente a lo que llueve en todo un a\u00f1o.<\/p>\n<p>En las primeras horas de este mi\u00e9rcoles, el secretario de Protecci\u00f3n Civil, Marcos Escajadillo, quien se encuentra al frente de la Junta Local para actualizar esquemas operativos y de asistencia; detall\u00f3 que \u201cel 90% de la ciudad de Vera est\u00e1 recuperada con una cantidad de 75 evacuados. Se trabaj\u00f3 durante las \u00faltimas horas con las \u00e1reas de los ministerios de Salud, de Igualdad y Desarrollo Humano y tambi\u00e9n de Obra P\u00fablica. Y anoche Seguridad increment\u00f3 el patrullaje preventivo y en puntos fijos preestablecidos\u201d.<\/p>\n<p>En otro apartado, el funcionario inform\u00f3 que \u201cse elabor\u00f3 y distribuy\u00f3 alimentos, no solamente para los evacuados, sino para 1.600 personas que quedaron en sus domicilios afectadas por el agua dentro de sus viviendas. Esto se distribuy\u00f3 tanto con Bomberos Voluntarios de las regionales que han venido a prestar ayuda, como de Bomberos Zapadores de ac\u00e1 de Vera y de la ciudad de Santa Fe\u201d.<\/p>\n<p><strong>Asistencia<\/strong><\/p>\n<p>Los equipos de Protecci\u00f3n Civil, Bomberos Voluntarios y Bomberos Zapadores est\u00e1n trabajando en la log\u00edstica para la alimentaci\u00f3n en los distintos Centros de Evacuaci\u00f3n y en seis puntos espec\u00edficos para personas autoevacuadas que por distintos motivos no puedan cocinarse<strong>. Se planific\u00f3 adem\u00e1s la asistencia con colchones, frazadas, kits de limpieza y m\u00f3dulos alimentarios a partir de la tarde de este mi\u00e9rcoles, una vez que inicie la vuelta a casa.<\/strong><\/p>\n<p><strong>Centros de Evacuaci\u00f3n<\/strong><\/p>\n<p><strong>Club Hurac\u00e1n: sin evacuados<\/strong><br \/>\n<strong>Club Gimnasia: 50 personas<\/strong><br \/>\n<strong>CAPS San Mart\u00edn de Porres: 25 personas<\/strong><br \/>\n<strong>Total: 75 personas evacuadas.<\/strong><\/p>\n<p><strong>Situaci\u00f3n Meteorol\u00f3gica<\/strong><\/p>\n<p><strong>El tiempo en la ciudad y regi\u00f3n mejor\u00f3 notablemente, con un importante descenso de la temperatura y una estabilidad generalizada con el ingreso del frente fr\u00edo<\/strong>. El viento ha comenzado a disminuir y no gener\u00f3 inconvenientes.<\/p>\n<p><strong>Seguridad<\/strong><\/p>\n<p>El Ministerio de Justicia y Seguridad, bajo el trabajo de la Unidad Regional XIX de Vera, dispuso 200 efectivos organizados en equipos para la asistencia ciudadana, patrullaje preventivo y evacuaciones. Tambi\u00e9n se encuentran trabajando unos 20 bomberos zapadores, con 6 veh\u00edculos en la zona.<\/p>\n<p><strong>Obras en Vera<\/strong><\/p>\n<p>El ministro de Obras P\u00fablica, Lisandro Enrico explic\u00f3 en la jornada de ayer que \u201cpartiendo de la base que cayeron 420 mil\u00edmetros en siete horas -no hay registro de una lluvia as\u00ed-, este fen\u00f3meno pone a prueba y al l\u00edmite cualquier tipo de obra h\u00eddrica. El trabajo previo que el Gobierno Provincial y la Municipalidad de Vera realizaron, como limpiar canales, readecuar, cambiar tubos de alcantarillas por un m\u00f3dulo y generar obra h\u00eddrica, permiti\u00f3 que el agua escurra mucho m\u00e1s r\u00e1pido. Esto es lo importante de poder planificar y coordinar la primera respuesta de los equipos Protecci\u00f3n Civil, bomberos, Polic\u00eda, municipios y Gendarmer\u00eda\u201d.<\/p>\n<p>Meses atr\u00e1s, el Gobierno Provincial y la Municipalidad de Vera realizaron tareas de limpieza de la cuneta sur de la Ruta Provincial N\u00ba 36, entre la RN 11 y la primera curva horizontal. Desemboca en la subcuenca urbana noreste de la localidad de Vera en el Arroyo del Tigre al este, que a su vez desemboca en el Arroyo El Toba.<\/p>\n<p>Adem\u00e1s, se est\u00e1 ejecutando la segunda etapa del desag\u00fce pluvial subterr\u00e1neo, con captaci\u00f3n superficial a trav\u00e9s de bocas de tormenta, sobre calle Belgrano, desde Leiva hasta canal a cielo abierto en Mendoza.<\/p>\n<p>Tambi\u00e9n se realizaron 2600 metros c\u00fabicos de movimiento de suelo en el terrapl\u00e9n colector 13, se mejoraron las alcantarillas laterales de la RN 11, se readecuaron las alcantarillas de la RP N\u00ba 36 y RP N\u00b03, y se va a construir la alcantarilla de cruce en la antigua Ruta Nacional N 11, entre las localidades de Vera y Caraguatay.<\/p>\n","protected":false},"excerpt":{"rendered":"<p>El Gobierno de Santa Fe, a trav\u00e9s de la Secretar\u00eda de Protecci\u00f3n Civil, contin\u00faa coordinando un amplio operativo en la ciudad de Vera. Se trabaja con las \u00e1reas de salud, desarrollo humano, seguridad y obras p\u00fablicas. Hay 75 personas evacuadas, que son asistidas junto a otras 1.600 que se encuentran en sus viviendas afectadas.\u00a0 Bajo [&hellip;]<\/p>\n","protected":false},"author":3,"featured_media":63250,"comment_status":"closed","ping_status":"closed","sticky":false,"template":"","format":"standard","meta":{"_joinchat":[],"footnotes":""},"categories":[53],"tags":[],"class_list":{"0":"post-63249","1":"post","2":"type-post","3":"status-publish","4":"format-standard","5":"has-post-thumbnail","7":"category-vera"},"_links":{"self":[{"href":"https:\/\/infovera.com.ar\/web\/wp-json\/wp\/v2\/posts\/63249","targetHints":{"allow":["GET"]}}],"collection":[{"href":"https:\/\/infovera.com.ar\/web\/wp-json\/wp\/v2\/posts"}],"about":[{"href":"https:\/\/infovera.com.ar\/web\/wp-json\/wp\/v2\/types\/post"}],"author":[{"embeddable":true,"href":"https:\/\/infovera.com.ar\/web\/wp-json\/wp\/v2\/users\/3"}],"replies":[{"embeddable":true,"href":"https:\/\/infovera.com.ar\/web\/wp-json\/wp\/v2\/comments?post=63249"}],"version-history":[{"count":0,"href":"https:\/\/infovera.com.ar\/web\/wp-json\/wp\/v2\/posts\/63249\/revisions"}],"wp:featuredmedia":[{"embeddable":true,"href":"https:\/\/infovera.com.ar\/web\/wp-json\/wp\/v2\/media\/63250"}],"wp:attachment":[{"href":"https:\/\/infovera.com.ar\/web\/wp-json\/wp\/v2\/media?parent=63249"}],"wp:term":[{"taxonomy":"category","embeddable":true,"href":"https:\/\/infovera.com.ar\/web\/wp-json\/wp\/v2\/categories?post=63249"},{"taxonomy":"post_tag","embeddable":true,"href":"https:\/\/infovera.com.ar\/web\/wp-json\/wp\/v2\/tags?post=63249"}],"curies":[{"name":"wp","href":"https:\/\/api.w.org\/{rel}","templated":true}]}}