{"id":63246,"date":"2025-05-28T07:57:49","date_gmt":"2025-05-28T10:57:49","guid":{"rendered":"https:\/\/infovera.com.ar\/web\/?p=63246"},"modified":"2025-05-29T11:15:31","modified_gmt":"2025-05-29T14:15:31","slug":"se-preve-que-hoy-la-mayoria-de-los-evacuados-puedan-regresar-a-sus-hogares","status":"publish","type":"post","link":"https:\/\/infovera.com.ar\/web\/2025\/05\/28\/se-preve-que-hoy-la-mayoria-de-los-evacuados-puedan-regresar-a-sus-hogares\/","title":{"rendered":"Se prev\u00e9 que hoy la mayor\u00eda de los evacuados puedan regresar a sus hogares"},"content":{"rendered":"<p>El gobierno municipal actualiz\u00f3 la situaci\u00f3n en la ciudad de Vera:<\/p>\n<p>Se cumplen 24 horas del inicio de la copiosa lluvia que afecto a la totalidad de la ciudad de Vera con m\u00e1s de 450 mm en 6 horas.<\/p>\n<p>El d\u00eda de hoy se recibi\u00f3 la visita del ministro de Obras P\u00fablicas, Lisandro Enrico, el Subsecretario de Obras y gesti\u00f3n territorial, Ing. Federico Sieber, el secretario de Protecci\u00f3n Civil, Marcos Escajadillo, entre otras autoridades regionales representantes de los diferentes ministerios.<\/p>\n<p>Se realiz\u00f3 una reuni\u00f3n general de la junta local de protecci\u00f3n Civil, con todas las fuerzas vivas de la ciudad de Vera, acompa\u00f1adas por autoridades provinciales y gendarmer\u00eda nacional.<\/p>\n<p>Se realizaron las distintas evaluaciones de los casos con las diferentes reparticiones del municipio, el personal de salud. Se pudo observar que los desag\u00fces han funcionado correctamente, puesto que el agua baj\u00f3 en la mayor\u00eda de la ciudad, solamente quedan c\u00famulo de agua en las zonas perif\u00e9ricas, principalmente aquellas que limitan con la ruta nacional 11.<\/p>\n<p>El personal de salud realiz\u00f3 tambi\u00e9n de evaluaciones a los evacuados, traslad\u00f3 aquellos que necesitaban una mayor atenci\u00f3n al hospital regional de Vera, adem\u00e1s, vacun\u00f3 preventivamente a todo el personal que se encuentra trabajando en los barrios.<br \/>\nEn el mediod\u00eda de este martes, tambi\u00e9n lleg\u00f3 ayuda del ministerio de desarrollo social de la provincia, para ser distribuida a los afectados como colchones, art\u00edculos de limpieza, entre otros.<\/p>\n<p>Se dispuso que el complejo La Estaci\u00f3n sea el lugar indicado para acumular las donaciones que est\u00e1n realizando distintas familias y organizaciones.<\/p>\n<p>Anoche se asisti\u00f3 con una raci\u00f3n de comida, tanto a las personas que se encuentran en evacuadas, como aquellas que se encuentran con sus casas anegadas.<\/p>\n<p>Se prev\u00e9 que, al iniciar la ma\u00f1ana de este mi\u00e9rcoles, la mayor\u00eda de los evacuados puedan regresar a sus hogares.<\/p>\n<p>El municipio y la Junta de Defensa Civil continuar\u00e1 monitoreando la situaci\u00f3n en todos los barrios de la ciudad.<\/p>\n","protected":false},"excerpt":{"rendered":"<p>El gobierno municipal actualiz\u00f3 la situaci\u00f3n en la ciudad de Vera: Se cumplen 24 horas del inicio de la copiosa lluvia que afecto a la totalidad de la ciudad de Vera con m\u00e1s de 450 mm en 6 horas. El d\u00eda de hoy se recibi\u00f3 la visita del ministro de Obras P\u00fablicas, Lisandro Enrico, el [&hellip;]<\/p>\n","protected":false},"author":3,"featured_media":63247,"comment_status":"closed","ping_status":"closed","sticky":false,"template":"","format":"standard","meta":{"_joinchat":[],"footnotes":""},"categories":[53],"tags":[],"class_list":{"0":"post-63246","1":"post","2":"type-post","3":"status-publish","4":"format-standard","5":"has-post-thumbnail","7":"category-vera"},"_links":{"self":[{"href":"https:\/\/infovera.com.ar\/web\/wp-json\/wp\/v2\/posts\/63246","targetHints":{"allow":["GET"]}}],"collection":[{"href":"https:\/\/infovera.com.ar\/web\/wp-json\/wp\/v2\/posts"}],"about":[{"href":"https:\/\/infovera.com.ar\/web\/wp-json\/wp\/v2\/types\/post"}],"author":[{"embeddable":true,"href":"https:\/\/infovera.com.ar\/web\/wp-json\/wp\/v2\/users\/3"}],"replies":[{"embeddable":true,"href":"https:\/\/infovera.com.ar\/web\/wp-json\/wp\/v2\/comments?post=63246"}],"version-history":[{"count":0,"href":"https:\/\/infovera.com.ar\/web\/wp-json\/wp\/v2\/posts\/63246\/revisions"}],"wp:featuredmedia":[{"embeddable":true,"href":"https:\/\/infovera.com.ar\/web\/wp-json\/wp\/v2\/media\/63247"}],"wp:attachment":[{"href":"https:\/\/infovera.com.ar\/web\/wp-json\/wp\/v2\/media?parent=63246"}],"wp:term":[{"taxonomy":"category","embeddable":true,"href":"https:\/\/infovera.com.ar\/web\/wp-json\/wp\/v2\/categories?post=63246"},{"taxonomy":"post_tag","embeddable":true,"href":"https:\/\/infovera.com.ar\/web\/wp-json\/wp\/v2\/tags?post=63246"}],"curies":[{"name":"wp","href":"https:\/\/api.w.org\/{rel}","templated":true}]}}