{"id":62793,"date":"2025-05-12T21:44:41","date_gmt":"2025-05-13T00:44:41","guid":{"rendered":"https:\/\/infovera.com.ar\/web\/?p=62793"},"modified":"2025-05-13T18:39:04","modified_gmt":"2025-05-13T21:39:04","slug":"mas-luz-para-la-ciudad-de-vera","status":"publish","type":"post","link":"https:\/\/infovera.com.ar\/web\/2025\/05\/12\/mas-luz-para-la-ciudad-de-vera\/","title":{"rendered":"M\u00e1s luz para la ciudad de Vera"},"content":{"rendered":"<p>La intendente Paula Mitre encabez\u00f3 el acto por el que se ampli\u00f3 la red de iluminaci\u00f3n led, a lo largo de calle La Rioja, en el barrio \u201cSan Mart\u00edn de Porres\u201d, ubicado en el extremo sur del ejido urbano.<\/p>\n<p>La intendente agradeci\u00f3 a \u201ctodos los vecinos que asistieron para ver la concreci\u00f3n de un sue\u00f1o esperado por mucho tiempo y que hoy, gracias el aporte de la provincia, podemos hacerlo realidad\u201d.<\/p>\n<p>\u201cA partir de ahora los vecinos podr\u00e1n disfrutar de un servicio que les garantizar\u00e1 una mayor comodidad para transitarla con seguridad a cualquier hora, dado que comunica la escuela, con el Centro de Salud y empalma con la avenida que conduce directamente al hospital\u201d, agreg\u00f3.<br \/>\nMitre tambi\u00e9n remarc\u00f3 \u201cla tranquilidad de las familias frentistas que van a poder disfrutar de la luz necesaria para sus hijos pueden volver a jugar en la calle hasta m\u00e1s tarde\u201d.<\/p>\n<p>\u201cLo importante ac\u00e1 es celebrar que los vecinos han manifestado esta necesidad y nosotros como Estado hemos escuchado la demanda y hemos realizado todas las gestiones necesarias para contar con los recursos que requer\u00eda esta obra tan importante para todos nosotros y es una prueba tambi\u00e9n de las cosas que se pueden concretar trabajando en unidad como lo venimos haciendo desde un principio\u201d, se\u00f1al\u00f3.<br \/>\nPor su parte, el concejal Marcos Rubianes tambi\u00e9n destac\u00f3 la calidad de la obra, agradeciendo a todos los operarios que trabajaron para hacerla posible.<\/p>\n<p>\u201dAnte la dif\u00edcil situaci\u00f3n econ\u00f3mica que atraviesa el pa\u00eds, en la que cada vez cuesta m\u00e1s llegar a fin de mes\u201d, reiter\u00f3 el apoyo del gobierno provincial porque, \u201ca pesar del recorte del gobierno nacional, la provincia contin\u00faa ejecutando un importante plan de obras p\u00fablicas, varias de las cuales est\u00e1n incluidas en nuestra ciudad\u201d.<\/p>\n<p>El acto cont\u00f3 con la presencia de los integrantes del gabinete municipal, miembros del Concejo Municipal y numerosos vecinos.<\/p>\n<p>Letyana Press<\/p>\n","protected":false},"excerpt":{"rendered":"<p>La intendente Paula Mitre encabez\u00f3 el acto por el que se ampli\u00f3 la red de iluminaci\u00f3n led, a lo largo de calle La Rioja, en el barrio \u201cSan Mart\u00edn de Porres\u201d, ubicado en el extremo sur del ejido urbano. La intendente agradeci\u00f3 a \u201ctodos los vecinos que asistieron para ver la concreci\u00f3n de un sue\u00f1o [&hellip;]<\/p>\n","protected":false},"author":3,"featured_media":62794,"comment_status":"closed","ping_status":"closed","sticky":false,"template":"","format":"standard","meta":{"_joinchat":[],"footnotes":""},"categories":[53],"tags":[],"class_list":{"0":"post-62793","1":"post","2":"type-post","3":"status-publish","4":"format-standard","5":"has-post-thumbnail","7":"category-vera"},"_links":{"self":[{"href":"https:\/\/infovera.com.ar\/web\/wp-json\/wp\/v2\/posts\/62793","targetHints":{"allow":["GET"]}}],"collection":[{"href":"https:\/\/infovera.com.ar\/web\/wp-json\/wp\/v2\/posts"}],"about":[{"href":"https:\/\/infovera.com.ar\/web\/wp-json\/wp\/v2\/types\/post"}],"author":[{"embeddable":true,"href":"https:\/\/infovera.com.ar\/web\/wp-json\/wp\/v2\/users\/3"}],"replies":[{"embeddable":true,"href":"https:\/\/infovera.com.ar\/web\/wp-json\/wp\/v2\/comments?post=62793"}],"version-history":[{"count":0,"href":"https:\/\/infovera.com.ar\/web\/wp-json\/wp\/v2\/posts\/62793\/revisions"}],"wp:featuredmedia":[{"embeddable":true,"href":"https:\/\/infovera.com.ar\/web\/wp-json\/wp\/v2\/media\/62794"}],"wp:attachment":[{"href":"https:\/\/infovera.com.ar\/web\/wp-json\/wp\/v2\/media?parent=62793"}],"wp:term":[{"taxonomy":"category","embeddable":true,"href":"https:\/\/infovera.com.ar\/web\/wp-json\/wp\/v2\/categories?post=62793"},{"taxonomy":"post_tag","embeddable":true,"href":"https:\/\/infovera.com.ar\/web\/wp-json\/wp\/v2\/tags?post=62793"}],"curies":[{"name":"wp","href":"https:\/\/api.w.org\/{rel}","templated":true}]}}