{"id":62723,"date":"2025-05-09T17:30:53","date_gmt":"2025-05-09T20:30:53","guid":{"rendered":"https:\/\/infovera.com.ar\/web\/?p=62723"},"modified":"2025-05-09T17:30:53","modified_gmt":"2025-05-09T20:30:53","slug":"amsafe-rechazo-la-oferta-salarial-y-lanzo-un-paro-para-el-14-de-mayo","status":"publish","type":"post","link":"https:\/\/infovera.com.ar\/web\/2025\/05\/09\/amsafe-rechazo-la-oferta-salarial-y-lanzo-un-paro-para-el-14-de-mayo\/","title":{"rendered":"Amsafe rechaz\u00f3 la oferta salarial y lanz\u00f3 un paro para el 14 de mayo"},"content":{"rendered":"<p>La asamblea provincial de\u00a0Amsafe\u00a0realizada este viernes al mediod\u00eda resolvi\u00f3 rechazar la \u00faltima propuesta paritaria del gobierno provincial -del 8% de aumento para el trimestre- y anunci\u00f3 un paro de 24 horas para el mi\u00e9rcoles 14 de mayo, con una jornada provincial de protesta el d\u00eda siguiente. As\u00ed lo confirm\u00f3\u00a0Rodrigo Alonso, secretario general de Amsafe Provincial, en una rueda de prensa.<\/p>\n<p>El rechazo a la oferta de incremento que se hizo el Gobierno provincial en la \u00faltima paritaria fue contundente: 17.598 por la no aceptaci\u00f3n; s\u00f3lo 713 por aceptar. Votaron un total de 20.133 educadores y hubo votos en blanco y abstenciones que sumados resultaron m\u00e1s que la aceptaci\u00f3n. Esos fueron los n\u00fameros de la votaci\u00f3n en las escuelas y que se volcaron en la pizarra de la sede gremial (Rivadavia 3279).<\/p>\n<p>&#8220;Amsafe rechaz\u00f3 la propuesta paritaria y est\u00e1 exigiendo una nueva convocatoria para que se mejore la propuesta&#8221;, expres\u00f3 Alonso, al salir de la asamblea que se extendi\u00f3 por dos horas. Seg\u00fan detall\u00f3,\u00a0la medida de fuerza ser\u00e1 sin asistencia a los lugares de trabajo\u00a0e incluir\u00e1 acciones locales y departamentales.<\/p>\n<p>En tanto,\u00a0el jueves 15 se realizar\u00e1 una jornada de protesta\u00a0con concentraci\u00f3n provincial de docentes activos y jubilados, para &#8220;exigir la derogaci\u00f3n de la reforma previsional&#8221;, indic\u00f3.<br \/>\nEn la pizarra del gremio se volcaron los votos: 17.598 rechazaron la oferta y s\u00f3lo 713 la aceptaron. Cr\u00e9dito: Guillermo Di Salvatore<\/p>\n<p>Argumentos<\/p>\n<p>El dirigente sindical cuestion\u00f3 duramente el contenido de la propuesta oficial y las formas en las que se est\u00e1 llevando adelante la negociaci\u00f3n. &#8220;Esta propuesta no tiene nada que ver con las necesidades que tenemos los docentes. Necesitamos una recomposici\u00f3n salarial que no solamente cubra la inflaci\u00f3n del primer semestre, sino que tambi\u00e9n debe incluir las p\u00e9rdidas del 2024 y la deuda de 2023&#8221;, indic\u00f3.<\/p>\n","protected":false},"excerpt":{"rendered":"<p>La asamblea provincial de\u00a0Amsafe\u00a0realizada este viernes al mediod\u00eda resolvi\u00f3 rechazar la \u00faltima propuesta paritaria del gobierno provincial -del 8% de aumento para el trimestre- y anunci\u00f3 un paro de 24 horas para el mi\u00e9rcoles 14 de mayo, con una jornada provincial de protesta el d\u00eda siguiente. As\u00ed lo confirm\u00f3\u00a0Rodrigo Alonso, secretario general de Amsafe Provincial, [&hellip;]<\/p>\n","protected":false},"author":3,"featured_media":62724,"comment_status":"closed","ping_status":"closed","sticky":false,"template":"","format":"standard","meta":{"_joinchat":[],"footnotes":""},"categories":[60],"tags":[],"class_list":{"0":"post-62723","1":"post","2":"type-post","3":"status-publish","4":"format-standard","5":"has-post-thumbnail","7":"category-provinciales"},"_links":{"self":[{"href":"https:\/\/infovera.com.ar\/web\/wp-json\/wp\/v2\/posts\/62723","targetHints":{"allow":["GET"]}}],"collection":[{"href":"https:\/\/infovera.com.ar\/web\/wp-json\/wp\/v2\/posts"}],"about":[{"href":"https:\/\/infovera.com.ar\/web\/wp-json\/wp\/v2\/types\/post"}],"author":[{"embeddable":true,"href":"https:\/\/infovera.com.ar\/web\/wp-json\/wp\/v2\/users\/3"}],"replies":[{"embeddable":true,"href":"https:\/\/infovera.com.ar\/web\/wp-json\/wp\/v2\/comments?post=62723"}],"version-history":[{"count":0,"href":"https:\/\/infovera.com.ar\/web\/wp-json\/wp\/v2\/posts\/62723\/revisions"}],"wp:featuredmedia":[{"embeddable":true,"href":"https:\/\/infovera.com.ar\/web\/wp-json\/wp\/v2\/media\/62724"}],"wp:attachment":[{"href":"https:\/\/infovera.com.ar\/web\/wp-json\/wp\/v2\/media?parent=62723"}],"wp:term":[{"taxonomy":"category","embeddable":true,"href":"https:\/\/infovera.com.ar\/web\/wp-json\/wp\/v2\/categories?post=62723"},{"taxonomy":"post_tag","embeddable":true,"href":"https:\/\/infovera.com.ar\/web\/wp-json\/wp\/v2\/tags?post=62723"}],"curies":[{"name":"wp","href":"https:\/\/api.w.org\/{rel}","templated":true}]}}