{"id":62698,"date":"2025-05-08T17:13:48","date_gmt":"2025-05-08T20:13:48","guid":{"rendered":"https:\/\/infovera.com.ar\/web\/?p=62698"},"modified":"2025-05-08T17:13:48","modified_gmt":"2025-05-08T20:13:48","slug":"paritaria-central-no-hubo-acuerdo-y-festram-convoca-a-plenario","status":"publish","type":"post","link":"https:\/\/infovera.com.ar\/web\/2025\/05\/08\/paritaria-central-no-hubo-acuerdo-y-festram-convoca-a-plenario\/","title":{"rendered":"Paritaria central: no hubo acuerdo y FESTRAM convoca a Plenario"},"content":{"rendered":"<p>Como fue anunciado, en la fecha se dio una nueva reuni\u00f3n de la Mesa Paritaria del sector. La representaci\u00f3n de Intendentes y Presidentes Comunales ofreci\u00f3 trabajar en una propuesta salarial equiparable a la trasladada por la Provincia a la administraci\u00f3n p\u00fablica provincial.<\/p>\n<p>La representaci\u00f3n de FESTRAM insisti\u00f3 en que la pol\u00edtica salarial debe ser aplicada en iguales t\u00e9rminos a los jubilados y jubiladas, ello porque as\u00ed se encuentra firmado por la Mesa Paritaria.<\/p>\n<p>FESTRAM convocar\u00e1 a un Plenario de Secretarios\/as Generales para el d\u00eda martes 13 de mayo, fecha en la que tambi\u00e9n se estableci\u00f3 una nueva reuni\u00f3n de Paritaria.<\/p>\n<p>Prensa FESTRAM<\/p>\n","protected":false},"excerpt":{"rendered":"<p>Como fue anunciado, en la fecha se dio una nueva reuni\u00f3n de la Mesa Paritaria del sector. La representaci\u00f3n de Intendentes y Presidentes Comunales ofreci\u00f3 trabajar en una propuesta salarial equiparable a la trasladada por la Provincia a la administraci\u00f3n p\u00fablica provincial. La representaci\u00f3n de FESTRAM insisti\u00f3 en que la pol\u00edtica salarial debe ser aplicada [&hellip;]<\/p>\n","protected":false},"author":3,"featured_media":62699,"comment_status":"closed","ping_status":"closed","sticky":false,"template":"","format":"standard","meta":{"_joinchat":[],"footnotes":""},"categories":[60],"tags":[],"class_list":{"0":"post-62698","1":"post","2":"type-post","3":"status-publish","4":"format-standard","5":"has-post-thumbnail","7":"category-provinciales"},"_links":{"self":[{"href":"https:\/\/infovera.com.ar\/web\/wp-json\/wp\/v2\/posts\/62698","targetHints":{"allow":["GET"]}}],"collection":[{"href":"https:\/\/infovera.com.ar\/web\/wp-json\/wp\/v2\/posts"}],"about":[{"href":"https:\/\/infovera.com.ar\/web\/wp-json\/wp\/v2\/types\/post"}],"author":[{"embeddable":true,"href":"https:\/\/infovera.com.ar\/web\/wp-json\/wp\/v2\/users\/3"}],"replies":[{"embeddable":true,"href":"https:\/\/infovera.com.ar\/web\/wp-json\/wp\/v2\/comments?post=62698"}],"version-history":[{"count":0,"href":"https:\/\/infovera.com.ar\/web\/wp-json\/wp\/v2\/posts\/62698\/revisions"}],"wp:featuredmedia":[{"embeddable":true,"href":"https:\/\/infovera.com.ar\/web\/wp-json\/wp\/v2\/media\/62699"}],"wp:attachment":[{"href":"https:\/\/infovera.com.ar\/web\/wp-json\/wp\/v2\/media?parent=62698"}],"wp:term":[{"taxonomy":"category","embeddable":true,"href":"https:\/\/infovera.com.ar\/web\/wp-json\/wp\/v2\/categories?post=62698"},{"taxonomy":"post_tag","embeddable":true,"href":"https:\/\/infovera.com.ar\/web\/wp-json\/wp\/v2\/tags?post=62698"}],"curies":[{"name":"wp","href":"https:\/\/api.w.org\/{rel}","templated":true}]}}