{"id":62677,"date":"2025-05-08T08:02:35","date_gmt":"2025-05-08T11:02:35","guid":{"rendered":"https:\/\/infovera.com.ar\/web\/?p=62677"},"modified":"2025-05-08T09:13:47","modified_gmt":"2025-05-08T12:13:47","slug":"choque-de-camionetas-en-el-acceso-oeste-a-vera","status":"publish","type":"post","link":"https:\/\/infovera.com.ar\/web\/2025\/05\/08\/choque-de-camionetas-en-el-acceso-oeste-a-vera\/","title":{"rendered":"Choque de camionetas en el acceso oeste a Vera"},"content":{"rendered":"<p>El jueves, siendo las 09:15, personal de la Comisar\u00eda 1\u00aa fue comisionado a la intersecci\u00f3n de Ruta N\u00b0 98 y el acceso a DAPSA, donde, por causas que se tratan de establecer, se produjo una colisi\u00f3n entre dos veh\u00edculos: una camioneta marca Nissan Frontier, color gris, conducida por un hombre de 38 a\u00f1os de edad, domiciliado en esta ciudad de Vera; y una camioneta marca Ford Ranger, color blanca, conducida por un joven de 23 a\u00f1os de edad, domiciliado en la zona rural Vertiente, localidad de Avellaneda, Dpto. General Obligado, quien se encontraba acompa\u00f1ado por tres masculinos de 41, 38 y 46 a\u00f1os de edad, respectivamente.<\/p>\n<p>Como consecuencia del siniestro, solo se registraron da\u00f1os materiales en los veh\u00edculos involucrados.<\/p>\n<p>Personal actuante, junto a efectivos del C.R.E. U.R. XIX y D.G.S.V., permaneci\u00f3 en el lugar hasta las 10:50, ya que uno de los veh\u00edculos obstru\u00eda el tr\u00e1nsito. Posteriormente, la circulaci\u00f3n fue restablecida con normalidad.<\/p>\n","protected":false},"excerpt":{"rendered":"<p>El jueves, siendo las 09:15, personal de la Comisar\u00eda 1\u00aa fue comisionado a la intersecci\u00f3n de Ruta N\u00b0 98 y el acceso a DAPSA, donde, por causas que se tratan de establecer, se produjo una colisi\u00f3n entre dos veh\u00edculos: una camioneta marca Nissan Frontier, color gris, conducida por un hombre de 38 a\u00f1os de edad, [&hellip;]<\/p>\n","protected":false},"author":3,"featured_media":62678,"comment_status":"closed","ping_status":"closed","sticky":false,"template":"","format":"standard","meta":{"_joinchat":[],"footnotes":""},"categories":[30,53],"tags":[],"class_list":{"0":"post-62677","1":"post","2":"type-post","3":"status-publish","4":"format-standard","5":"has-post-thumbnail","7":"category-policiales","8":"category-vera"},"_links":{"self":[{"href":"https:\/\/infovera.com.ar\/web\/wp-json\/wp\/v2\/posts\/62677","targetHints":{"allow":["GET"]}}],"collection":[{"href":"https:\/\/infovera.com.ar\/web\/wp-json\/wp\/v2\/posts"}],"about":[{"href":"https:\/\/infovera.com.ar\/web\/wp-json\/wp\/v2\/types\/post"}],"author":[{"embeddable":true,"href":"https:\/\/infovera.com.ar\/web\/wp-json\/wp\/v2\/users\/3"}],"replies":[{"embeddable":true,"href":"https:\/\/infovera.com.ar\/web\/wp-json\/wp\/v2\/comments?post=62677"}],"version-history":[{"count":0,"href":"https:\/\/infovera.com.ar\/web\/wp-json\/wp\/v2\/posts\/62677\/revisions"}],"wp:featuredmedia":[{"embeddable":true,"href":"https:\/\/infovera.com.ar\/web\/wp-json\/wp\/v2\/media\/62678"}],"wp:attachment":[{"href":"https:\/\/infovera.com.ar\/web\/wp-json\/wp\/v2\/media?parent=62677"}],"wp:term":[{"taxonomy":"category","embeddable":true,"href":"https:\/\/infovera.com.ar\/web\/wp-json\/wp\/v2\/categories?post=62677"},{"taxonomy":"post_tag","embeddable":true,"href":"https:\/\/infovera.com.ar\/web\/wp-json\/wp\/v2\/tags?post=62677"}],"curies":[{"name":"wp","href":"https:\/\/api.w.org\/{rel}","templated":true}]}}