{"id":62674,"date":"2025-05-08T07:43:48","date_gmt":"2025-05-08T10:43:48","guid":{"rendered":"https:\/\/infovera.com.ar\/web\/?p=62674"},"modified":"2025-05-08T14:57:55","modified_gmt":"2025-05-08T17:57:55","slug":"emocion-y-gratitud-en-el-paraje-km-115","status":"publish","type":"post","link":"https:\/\/infovera.com.ar\/web\/2025\/05\/08\/emocion-y-gratitud-en-el-paraje-km-115\/","title":{"rendered":"Emoci\u00f3n y gratitud en el paraje KM 115"},"content":{"rendered":"<p>El senador Osvaldo Sosa visit\u00f3 el lugar donde se est\u00e1 culminando la obra de agua potable.<\/p>\n<p>\u201cDespu\u00e9s de mucho tiempo de trabajo arduo, estamos a d\u00edas de lograr nuestro objetivo: llevar agua a este paraje que nunca antes hab\u00eda tenido acceso a este recurso b\u00e1sico\u201d, destac\u00f3.<\/p>\n<p>El legislador por Vera tambi\u00e9n agradeci\u00f3 especialmente a \u201cla familia Perezlindo por proporcionar el agua de su suelo, al Presidente de la Comuna Luis Mu\u00f1oz, al Inspector de la Direcci\u00f3n General de Gesti\u00f3n, Mauro Bertorello \u00a0y a Hugo Nasimbera, por apoyarnos y ayudarnos a hacer realidad este sue\u00f1o; dado que su dedicaci\u00f3n y esfuerzo han sido fundamentales para este proyecto\u201d.<\/p>\n<p>Pronto, los habitantes del Paraje 115 podr\u00e1n disfrutar de agua limpia y segura, lo que provoc\u00f3 una emoci\u00f3n generalizada en todo el vecindario por el impacto positivo que esta obra tendr\u00e1 en esta comunidad ubicada en el coraz\u00f3n de la Cu\u00f1a Boscosa.<\/p>\n<p>Este proyecto surgi\u00f3 a ra\u00edz de una investigaci\u00f3n iniciada en la Escuela N\u00ba 1048 \u201cDr. Luis Bentos\u201d, donde docentes y alumnos del primer ciclo analizaron los problemas de salud derivados del consumo de agua inadecuada, que genera enfermedades y ausencias frecuentes en las clases.<\/p>\n<p>Este trabajo escolar, con apoyo de la supervisi\u00f3n y colaboraci\u00f3n del due\u00f1o de un campo, distante a unos 1000 metros, que ofreci\u00f3 el lugar para la perforaci\u00f3n, impuls\u00f3 la comunicaci\u00f3n con representantes provinciales y locales.<\/p>\n<p>La iniciativa se consolid\u00f3 y la provincia se comprometi\u00f3 a financiarla con fondos transferidos\u00a0a la Comuna de Garabato por un total de $60.389.433,13.<\/p>\n<p>El senador Osvaldo Sosa detall\u00f3 que la obra incluye el traslado del vital elemento desde la perforaci\u00f3n, contar\u00e1 de dos cisternas y un tanque elevado en la escuela desde donde se distribuir\u00e1 a los vecinos a trav\u00e9s de una red ya instalada, lo que permitir\u00e1 \u201cno solamente el suministro del vital elemento sino que reducir\u00e1 a la m\u00ednima expresi\u00f3n la propagaci\u00f3n de enfermedades de origen y transmisi\u00f3n h\u00eddrica\u201d.<\/p>\n<p>Hoy el sue\u00f1o largamente acariciado est\u00e1 a punto de concretarse para alegr\u00eda y benepl\u00e1cito de beneficiarios y gobernantes.<\/p>\n<p>Letyana Press<\/p>\n","protected":false},"excerpt":{"rendered":"<p>El senador Osvaldo Sosa visit\u00f3 el lugar donde se est\u00e1 culminando la obra de agua potable. \u201cDespu\u00e9s de mucho tiempo de trabajo arduo, estamos a d\u00edas de lograr nuestro objetivo: llevar agua a este paraje que nunca antes hab\u00eda tenido acceso a este recurso b\u00e1sico\u201d, destac\u00f3. El legislador por Vera tambi\u00e9n agradeci\u00f3 especialmente a \u201cla [&hellip;]<\/p>\n","protected":false},"author":3,"featured_media":62675,"comment_status":"closed","ping_status":"closed","sticky":false,"template":"","format":"standard","meta":{"_joinchat":[],"footnotes":""},"categories":[51],"tags":[],"class_list":{"0":"post-62674","1":"post","2":"type-post","3":"status-publish","4":"format-standard","5":"has-post-thumbnail","7":"category-locales"},"_links":{"self":[{"href":"https:\/\/infovera.com.ar\/web\/wp-json\/wp\/v2\/posts\/62674","targetHints":{"allow":["GET"]}}],"collection":[{"href":"https:\/\/infovera.com.ar\/web\/wp-json\/wp\/v2\/posts"}],"about":[{"href":"https:\/\/infovera.com.ar\/web\/wp-json\/wp\/v2\/types\/post"}],"author":[{"embeddable":true,"href":"https:\/\/infovera.com.ar\/web\/wp-json\/wp\/v2\/users\/3"}],"replies":[{"embeddable":true,"href":"https:\/\/infovera.com.ar\/web\/wp-json\/wp\/v2\/comments?post=62674"}],"version-history":[{"count":0,"href":"https:\/\/infovera.com.ar\/web\/wp-json\/wp\/v2\/posts\/62674\/revisions"}],"wp:featuredmedia":[{"embeddable":true,"href":"https:\/\/infovera.com.ar\/web\/wp-json\/wp\/v2\/media\/62675"}],"wp:attachment":[{"href":"https:\/\/infovera.com.ar\/web\/wp-json\/wp\/v2\/media?parent=62674"}],"wp:term":[{"taxonomy":"category","embeddable":true,"href":"https:\/\/infovera.com.ar\/web\/wp-json\/wp\/v2\/categories?post=62674"},{"taxonomy":"post_tag","embeddable":true,"href":"https:\/\/infovera.com.ar\/web\/wp-json\/wp\/v2\/tags?post=62674"}],"curies":[{"name":"wp","href":"https:\/\/api.w.org\/{rel}","templated":true}]}}