{"id":62670,"date":"2025-05-07T19:06:35","date_gmt":"2025-05-07T22:06:35","guid":{"rendered":"https:\/\/infovera.com.ar\/web\/?p=62670"},"modified":"2025-05-07T19:06:35","modified_gmt":"2025-05-07T22:06:35","slug":"provincia-ofrecio-a-los-docentes-una-compensacion-y-un-8-de-aumento-trimestral","status":"publish","type":"post","link":"https:\/\/infovera.com.ar\/web\/2025\/05\/07\/provincia-ofrecio-a-los-docentes-una-compensacion-y-un-8-de-aumento-trimestral\/","title":{"rendered":"Provincia ofreci\u00f3 a los docentes una compensaci\u00f3n y un 8 % de aumento trimestral"},"content":{"rendered":"<p>Los ministros Goity y Olivares presentaron la propuesta oficial, que se divide en tres tramos: 3 % correspondiente al mes de abril (a liquidarse por planilla complementaria), 2,6 % en mayo y 2,4 % en junio; con un piso garantizado de $ 75.000 cada mes. La oferta incluye una compensaci\u00f3n para aquellos docentes cuyos haberes en el primer trimestre no hayan llegado a cubrir el \u00edndice de inflaci\u00f3n.<\/p>\n<p>El Gobierno Provincial formaliz\u00f3 este mi\u00e9rcoles una propuesta de incremento salarial a los gremios docentes. El encuentro fue encabezado por los ministros de Educaci\u00f3n, Jos\u00e9 Goity, y de Econom\u00eda, Pablo Olivares, junto a representantes de los gremios Amsafe y Sadop.<br \/>\nLa propuesta contempla, para el segundo trimestre, un aumento del 8 % dividido en tres tramos: 3 % correspondiente a abril (a liquidarse por planilla complementaria) en base a haberes de marzo; 2,6 % para mayo, y un 2,4 % para junio. Adem\u00e1s, incluye una compensaci\u00f3n para quienes no hayan cubierto el \u00edndice de inflaci\u00f3n en el primer trimestre.<\/p>\n<p>Luego del encuentro con los gremios docentes, Goity se\u00f1al\u00f3 que \u201cla prioridad del Gobierno, que le da sentido a las discusiones, tiene que ver con los aprendizajes y con los chicos en el aula aprendiendo\u201d; y en este sentido, indic\u00f3 que los resultados de las Pruebas Aprender 2024 (que dan cuenta de un d\u00e9ficit en materia de comprensi\u00f3n de lectura) \u201csolamente se pueden entender por el deterioro de la calidad educativa y de los aprendizajes que con las medidas en marcha este gobierno intenta revertir\u201d.<\/p>\n<p>\u201cParte del problema es que hemos quitado el foco del sistema educativo y de los aprendizajes y lo hemos puesto en otras cuestiones. Por supuesto que el salario es importante y por eso estamos ac\u00e1 haciendo nuestro m\u00e1ximo esfuerzo; pero este Gobierno no negocia el esfuerzo para que los chicos aprendan, para que la infraestructura escolar est\u00e9 mejor y que los salarios docentes se actualicen todos los meses. Y hemos cumplido con nuestra palabra\u201d, afirm\u00f3 el ministro.<\/p>\n<p>La oferta salarial<\/p>\n<p>En tanto, Olivares detall\u00f3 que la \u201cbase de la propuesta es el salario del mes de marzo; y consiste en combinar porcentaje y aumento m\u00ednimo garantizado. Esto implica que para el mes de abril los salarios se incrementar\u00e1n un 3 % o en 75.000 pesos, es decir ning\u00fan trabajador docente va a tener un incremento menor, por cargo\u201d.<\/p>\n<p>\u201cEn mayo el incremento ser\u00e1 de 2,6 %, manteni\u00e9ndose la garant\u00eda de 75.000 pesos de aumento respecto a marzo; y junio se cerrar\u00e1 con un incremento acumulado, en el trimestre, del 8 %\u201d, se\u00f1al\u00f3 Olivares.<\/p>\n<p>Por \u00faltimo, el ministro precis\u00f3 que \u201clos cargos que se encuentran en el piso de la pir\u00e1mide salarial tendr\u00e1n un aumento semestral de entre el 22 y 25 %. Adem\u00e1s, a los cargos de la parte superior de la pir\u00e1mide, cuyo incremento trimestral haya estado por debajo del 9,5 % en el primer trimestre, se le abonar\u00e1 por \u00fanica vez la suma para cubrir esta diferencia\u201d.<\/p>\n","protected":false},"excerpt":{"rendered":"<p>Los ministros Goity y Olivares presentaron la propuesta oficial, que se divide en tres tramos: 3 % correspondiente al mes de abril (a liquidarse por planilla complementaria), 2,6 % en mayo y 2,4 % en junio; con un piso garantizado de $ 75.000 cada mes. La oferta incluye una compensaci\u00f3n para aquellos docentes cuyos haberes [&hellip;]<\/p>\n","protected":false},"author":3,"featured_media":62671,"comment_status":"closed","ping_status":"closed","sticky":false,"template":"","format":"standard","meta":{"_joinchat":[],"footnotes":""},"categories":[60],"tags":[],"class_list":{"0":"post-62670","1":"post","2":"type-post","3":"status-publish","4":"format-standard","5":"has-post-thumbnail","7":"category-provinciales"},"_links":{"self":[{"href":"https:\/\/infovera.com.ar\/web\/wp-json\/wp\/v2\/posts\/62670","targetHints":{"allow":["GET"]}}],"collection":[{"href":"https:\/\/infovera.com.ar\/web\/wp-json\/wp\/v2\/posts"}],"about":[{"href":"https:\/\/infovera.com.ar\/web\/wp-json\/wp\/v2\/types\/post"}],"author":[{"embeddable":true,"href":"https:\/\/infovera.com.ar\/web\/wp-json\/wp\/v2\/users\/3"}],"replies":[{"embeddable":true,"href":"https:\/\/infovera.com.ar\/web\/wp-json\/wp\/v2\/comments?post=62670"}],"version-history":[{"count":0,"href":"https:\/\/infovera.com.ar\/web\/wp-json\/wp\/v2\/posts\/62670\/revisions"}],"wp:featuredmedia":[{"embeddable":true,"href":"https:\/\/infovera.com.ar\/web\/wp-json\/wp\/v2\/media\/62671"}],"wp:attachment":[{"href":"https:\/\/infovera.com.ar\/web\/wp-json\/wp\/v2\/media?parent=62670"}],"wp:term":[{"taxonomy":"category","embeddable":true,"href":"https:\/\/infovera.com.ar\/web\/wp-json\/wp\/v2\/categories?post=62670"},{"taxonomy":"post_tag","embeddable":true,"href":"https:\/\/infovera.com.ar\/web\/wp-json\/wp\/v2\/tags?post=62670"}],"curies":[{"name":"wp","href":"https:\/\/api.w.org\/{rel}","templated":true}]}}