{"id":62637,"date":"2025-05-06T21:43:44","date_gmt":"2025-05-07T00:43:44","guid":{"rendered":"https:\/\/infovera.com.ar\/web\/?p=62637"},"modified":"2025-05-07T13:45:46","modified_gmt":"2025-05-07T16:45:46","slug":"la-familia-de-junior-acompano-a-paula-mitre-a-la-primera-curacion-tras-la-mordida","status":"publish","type":"post","link":"https:\/\/infovera.com.ar\/web\/2025\/05\/06\/la-familia-de-junior-acompano-a-paula-mitre-a-la-primera-curacion-tras-la-mordida\/","title":{"rendered":"La familia de &#8220;Junior&#8221; acompa\u00f1\u00f3 a Paula Mitre a la primera curaci\u00f3n tras la mordida"},"content":{"rendered":"<p>Luego de ser mordida por el pitbull &#8220;Junior&#8221; en una recorrida barrial, la intendente Paula Mitre acudi\u00f3 hoy a la realizarse las curaciones y el control de rigor al Hospital de Vera.<\/p>\n<p>Ayer, mientras caminaba el barrio San Mart\u00edn de Porres, la titular municipal verense se vio sorprendida por el ataque de un pitbull, que la mordi\u00f3 y le caus\u00f3 lesiones en su pierna derecha.<\/p>\n<p>Fue atendida en el Hospital Regional Vera, de donde sali\u00f3 en silla de ruedas, con una sonrisa y la zona herida vendada.<\/p>\n<p>&#8220;Ya pas\u00f3, estoy bien, duele bastante, 6 puntos en la pantorrilla derecha y varios dientes clavados. Gracias querido Hospital Regional Vera por la excelente atenci\u00f3n. Al Dr. Serrano, a la Dra. Carignan, a Luisito Arroyo por atender mi mordedura. Hoy voy a tener que hacer reposo, no queda otro&#8221;, poste\u00f3 en sus redes, luego ser atendida por los profesionales de la medicina local.<\/p>\n<p>Enseguida, explic\u00f3 que el incidente se produjo cuando &#8220;est\u00e1bamos en calle Rioja invitando a los vecinos para la inauguraci\u00f3n de ma\u00f1ana (por este martes) para encender el alumbrado p\u00fablico&#8221;.<\/p>\n<p>Con un emoji de un can, detall\u00f3 que &#8220;encontr\u00e9 un perro que no le gust\u00f3 que me pusiera a conversar con la due\u00f1a&#8221;, y, a pesar de estar adolorida, brome\u00f3 e ilustr\u00f3 con otro emoji, este picaresco: &#8220;Por las dudas, creo que el perro est\u00e1 vivo&#8221;.<\/p>\n<p>La noticia no termin\u00f3 ah\u00ed, sino que sum\u00f3 un cap\u00edtulo emotivo y superador del ml trago. En la jornada del martes, la familia de &#8220;Junior&#8221; acompa\u00f1\u00f3 a Paula Mitre al control tras la mordida: &#8220;Curaci\u00f3n N\u00ba 1 hecha. Me acompa\u00f1aron Anal\u00eda y Bautista, due\u00f1os de &#8216;Junior&#8217;, que est\u00e1 bajo control veterinario. Los dos bien&#8221;, volvi\u00f3 a publicar en sus redes sociales la intendente, con una foto del momento.<\/p>\n<p>En el final, reflexion\u00f3: &#8220;Esto que me pas\u00f3 a m\u00ed trajo a colaci\u00f3n la problem\u00e1tica de los animales peligrosos sueltos o cuyos due\u00f1os no se hacen responsables. A poner manos a la obra&#8221;.<\/p>\n","protected":false},"excerpt":{"rendered":"<p>Luego de ser mordida por el pitbull &#8220;Junior&#8221; en una recorrida barrial, la intendente Paula Mitre acudi\u00f3 hoy a la realizarse las curaciones y el control de rigor al Hospital de Vera. Ayer, mientras caminaba el barrio San Mart\u00edn de Porres, la titular municipal verense se vio sorprendida por el ataque de un pitbull, que [&hellip;]<\/p>\n","protected":false},"author":3,"featured_media":62639,"comment_status":"closed","ping_status":"closed","sticky":false,"template":"","format":"standard","meta":{"_joinchat":[],"footnotes":""},"categories":[53],"tags":[],"class_list":{"0":"post-62637","1":"post","2":"type-post","3":"status-publish","4":"format-standard","5":"has-post-thumbnail","7":"category-vera"},"_links":{"self":[{"href":"https:\/\/infovera.com.ar\/web\/wp-json\/wp\/v2\/posts\/62637","targetHints":{"allow":["GET"]}}],"collection":[{"href":"https:\/\/infovera.com.ar\/web\/wp-json\/wp\/v2\/posts"}],"about":[{"href":"https:\/\/infovera.com.ar\/web\/wp-json\/wp\/v2\/types\/post"}],"author":[{"embeddable":true,"href":"https:\/\/infovera.com.ar\/web\/wp-json\/wp\/v2\/users\/3"}],"replies":[{"embeddable":true,"href":"https:\/\/infovera.com.ar\/web\/wp-json\/wp\/v2\/comments?post=62637"}],"version-history":[{"count":0,"href":"https:\/\/infovera.com.ar\/web\/wp-json\/wp\/v2\/posts\/62637\/revisions"}],"wp:featuredmedia":[{"embeddable":true,"href":"https:\/\/infovera.com.ar\/web\/wp-json\/wp\/v2\/media\/62639"}],"wp:attachment":[{"href":"https:\/\/infovera.com.ar\/web\/wp-json\/wp\/v2\/media?parent=62637"}],"wp:term":[{"taxonomy":"category","embeddable":true,"href":"https:\/\/infovera.com.ar\/web\/wp-json\/wp\/v2\/categories?post=62637"},{"taxonomy":"post_tag","embeddable":true,"href":"https:\/\/infovera.com.ar\/web\/wp-json\/wp\/v2\/tags?post=62637"}],"curies":[{"name":"wp","href":"https:\/\/api.w.org\/{rel}","templated":true}]}}