{"id":62632,"date":"2025-05-06T17:23:13","date_gmt":"2025-05-06T20:23:13","guid":{"rendered":"https:\/\/infovera.com.ar\/web\/?p=62632"},"modified":"2025-05-06T17:24:43","modified_gmt":"2025-05-06T20:24:43","slug":"la-defensoria-del-pueblo-interviene-ante-la-incertidumbre-por-las-auditorias-de-pensiones-no-contributivas","status":"publish","type":"post","link":"https:\/\/infovera.com.ar\/web\/2025\/05\/06\/la-defensoria-del-pueblo-interviene-ante-la-incertidumbre-por-las-auditorias-de-pensiones-no-contributivas\/","title":{"rendered":"La Defensor\u00eda del Pueblo interviene ante la incertidumbre por las auditor\u00edas de Pensiones No Contributivas"},"content":{"rendered":"<p>Gabriel Savino encabez\u00f3 una reuni\u00f3n con trabajadoras sociales de Centros de Salud Municipales para abordar el impacto de las revisiones dispuestas por el Gobierno Nacional, que afectan a miles de personas en situaci\u00f3n de vulnerabilidad.<\/p>\n<p>El defensor del Pueblo ad hoc Gabriel Savino mantuvo este martes una reuni\u00f3n con trabajadoras sociales referentes de distintos Centros de Salud Municipales, con el fin de profundizar el abordaje institucional frente a las dificultades generadas por el nuevo proceso de auditor\u00edas sobre Pensiones No Contributivas (PNC), dispuestas por el Poder Ejecutivo Nacional.<\/p>\n<p>El encuentro, que se realiz\u00f3 en la sede Rosario de la instituci\u00f3n, fue la continuaci\u00f3n de la reuni\u00f3n del pasado 4 de abril, en la que la Defensor\u00eda del Pueblo convoc\u00f3 a organizaciones del \u00e1mbito de la salud y la discapacidad, as\u00ed como a autoridades provinciales, para manifestar su preocupaci\u00f3n por la falta de planificaci\u00f3n, la escasa informaci\u00f3n oficial y el impacto negativo que estas medidas generan sobre personas en situaci\u00f3n de extrema vulnerabilidad. Tal como se inform\u00f3 entonces, las auditor\u00edas fueron encomendadas al Hospital Italiano de Rosario, prestador de Pami, y alcanzan a m\u00e1s de 12.000 beneficiarios en la regi\u00f3n.<\/p>\n<p>Durante esta nueva instancia, Savino expuso en detalle las facultades de la Defensor\u00eda en la materia, as\u00ed como las gestiones realizadas desde el mes de febrero, incluyendo las notas remitidas a la Agencia Nacional de Discapacidad (Andis) y la reuni\u00f3n mantenida con autoridades del Hospital Italiano, responsable de la revisi\u00f3n de las Pensiones No Contributivas dispuesta por el Poder Ejecutivo Nacional. Tambi\u00e9n se record\u00f3 que se ha solicitado la pr\u00f3rroga de los plazos, la suspensi\u00f3n de medidas punitivas y la publicaci\u00f3n de un padr\u00f3n p\u00fablico de beneficiarios y turnos asignados, a fin de garantizar transparencia y accesibilidad en el proceso.<\/p>\n<p>La preocupaci\u00f3n se mantiene vigente, ya que muchas personas con discapacidad a\u00fan no saben si sus pensiones han sido sujetas a revisi\u00f3n, al no haber recibido notificaci\u00f3n formal alguna. Se destaca la alta tasa de inasistencia a los turnos asignados, estimada en m\u00e1s del 50 por ciento, lo que refuerza la incertidumbre generalizada. Esto resulta particularmente grave si se considera que el Gobierno Nacional anunci\u00f3 que la etapa de evaluaci\u00f3n culminar\u00e1 el pr\u00f3ximo 8 de mayo, lo que podr\u00eda dejar a cientos de personas sin cobertura ni explicaciones.<\/p>\n<p>Durante la reuni\u00f3n se intercambiaron experiencias territoriales y se identificaron m\u00faltiples problem\u00e1ticas que persisten, como la incertidumbre sobre el destino de quienes a\u00fan no han sido notificados, las dificultades para tramitar pr\u00f3rrogas, la falta de canales oficiales de consulta accesibles, el colapso del primer nivel de atenci\u00f3n y la imposibilidad de muchas familias de afrontar los traslados.<\/p>\n<p>Todos y todas las participantes manifestaron su preocupaci\u00f3n ante un posible corte arbitrario de pensiones, sin garant\u00edas suficientes ni dispositivos de contenci\u00f3n para las personas afectadas.<\/p>\n<p>Adem\u00e1s de Savino, participaron por parte de la Defensor\u00eda: \u00c9rika Scarano, personal de Gabinete; Mariano Vodanovich, director de Asuntos Legales; Facundo Vidal Valls, del \u00c1rea de Salud y Discapacidad; Mar\u00eda Laura Pasquero, directora del Centro de Asistencia a la V\u00edctima; Gabriela Colombo, integrante del equipo del CAV, y personal del \u00d3rgano de Revisi\u00f3n en Salud Mental.<\/p>\n<p>Tambi\u00e9n asistieron trabajadoras sociales de los Centros de Salud Municipales Luchemos por la Vida, Staffieri, Casal, Santa Luc\u00eda, Maradona, Eva Duarte, Toba y de la Direcci\u00f3n de Trabajo Social de la Secretar\u00eda de Salud Municipal.<\/p>\n<p>La Defensor\u00eda continuar\u00e1 articulando con equipos, organizaciones e instituciones del \u00e1mbito de la discapacidad y la salud, promoviendo una respuesta integral, accesible y respetuosa de los derechos humanos frente a este escenario de extrema sensibilidad social.<\/p>\n","protected":false},"excerpt":{"rendered":"<p>Gabriel Savino encabez\u00f3 una reuni\u00f3n con trabajadoras sociales de Centros de Salud Municipales para abordar el impacto de las revisiones dispuestas por el Gobierno Nacional, que afectan a miles de personas en situaci\u00f3n de vulnerabilidad. El defensor del Pueblo ad hoc Gabriel Savino mantuvo este martes una reuni\u00f3n con trabajadoras sociales referentes de distintos Centros [&hellip;]<\/p>\n","protected":false},"author":3,"featured_media":62633,"comment_status":"closed","ping_status":"closed","sticky":false,"template":"","format":"standard","meta":{"_joinchat":[],"footnotes":""},"categories":[62,60],"tags":[],"class_list":{"0":"post-62632","1":"post","2":"type-post","3":"status-publish","4":"format-standard","5":"has-post-thumbnail","7":"category-nacionales","8":"category-provinciales"},"_links":{"self":[{"href":"https:\/\/infovera.com.ar\/web\/wp-json\/wp\/v2\/posts\/62632","targetHints":{"allow":["GET"]}}],"collection":[{"href":"https:\/\/infovera.com.ar\/web\/wp-json\/wp\/v2\/posts"}],"about":[{"href":"https:\/\/infovera.com.ar\/web\/wp-json\/wp\/v2\/types\/post"}],"author":[{"embeddable":true,"href":"https:\/\/infovera.com.ar\/web\/wp-json\/wp\/v2\/users\/3"}],"replies":[{"embeddable":true,"href":"https:\/\/infovera.com.ar\/web\/wp-json\/wp\/v2\/comments?post=62632"}],"version-history":[{"count":0,"href":"https:\/\/infovera.com.ar\/web\/wp-json\/wp\/v2\/posts\/62632\/revisions"}],"wp:featuredmedia":[{"embeddable":true,"href":"https:\/\/infovera.com.ar\/web\/wp-json\/wp\/v2\/media\/62633"}],"wp:attachment":[{"href":"https:\/\/infovera.com.ar\/web\/wp-json\/wp\/v2\/media?parent=62632"}],"wp:term":[{"taxonomy":"category","embeddable":true,"href":"https:\/\/infovera.com.ar\/web\/wp-json\/wp\/v2\/categories?post=62632"},{"taxonomy":"post_tag","embeddable":true,"href":"https:\/\/infovera.com.ar\/web\/wp-json\/wp\/v2\/tags?post=62632"}],"curies":[{"name":"wp","href":"https:\/\/api.w.org\/{rel}","templated":true}]}}