{"id":62625,"date":"2025-05-06T10:50:29","date_gmt":"2025-05-06T13:50:29","guid":{"rendered":"https:\/\/infovera.com.ar\/web\/?p=62625"},"modified":"2025-05-06T14:29:20","modified_gmt":"2025-05-06T17:29:20","slug":"alurralde-intimo-a-vialidad-nacional-por-la-demora-en-concluir-los-trabajos-sobre-la-ruta-11","status":"publish","type":"post","link":"https:\/\/infovera.com.ar\/web\/2025\/05\/06\/alurralde-intimo-a-vialidad-nacional-por-la-demora-en-concluir-los-trabajos-sobre-la-ruta-11\/","title":{"rendered":"Alurralde intim\u00f3 a Vialidad Nacional por la demora en concluir los trabajos sobre la Ruta 11"},"content":{"rendered":"<p>El juez federal de Reconquista, Aldo Mario Alurralde,<\/p>\n<p>Atento al tiempo transcurrido desde el dictado de la resoluci\u00f3n definitiva del 10 de marzo de 2025, la cual ha sido confirmada en su totalidad el 16 de abril de 2025 por parte de la C\u00e1mara Federal de Resistencia, y conforme lo constatado personalmente e in situ el 1 de mayo de 2025 sobre la Ruta Nacional 11, en donde &#8220;observ\u00e9 que no han concluido con las horas en dicha ruta sobre el tramo objeto del fallo de referencia, todo lo cual lo indican las tomas fotogr\u00e1ficas tomadas por el suscripto y agregadas en estos autos, intim\u00e9 a la Direcci\u00f3n Nacional de Vialidad para que en el plazo de 72 horas informe las razones de dicha situaci\u00f3n bajo expresos apercibimientos de ley&#8221;, emplaz\u00f3 el magistrado, en un oficio fechado el 5 de mayo.<\/p>\n","protected":false},"excerpt":{"rendered":"<p>El juez federal de Reconquista, Aldo Mario Alurralde, Atento al tiempo transcurrido desde el dictado de la resoluci\u00f3n definitiva del 10 de marzo de 2025, la cual ha sido confirmada en su totalidad el 16 de abril de 2025 por parte de la C\u00e1mara Federal de Resistencia, y conforme lo constatado personalmente e in situ [&hellip;]<\/p>\n","protected":false},"author":3,"featured_media":62627,"comment_status":"closed","ping_status":"closed","sticky":false,"template":"","format":"standard","meta":{"_joinchat":[],"footnotes":""},"categories":[61],"tags":[],"class_list":{"0":"post-62625","1":"post","2":"type-post","3":"status-publish","4":"format-standard","5":"has-post-thumbnail","7":"category-regionales"},"_links":{"self":[{"href":"https:\/\/infovera.com.ar\/web\/wp-json\/wp\/v2\/posts\/62625","targetHints":{"allow":["GET"]}}],"collection":[{"href":"https:\/\/infovera.com.ar\/web\/wp-json\/wp\/v2\/posts"}],"about":[{"href":"https:\/\/infovera.com.ar\/web\/wp-json\/wp\/v2\/types\/post"}],"author":[{"embeddable":true,"href":"https:\/\/infovera.com.ar\/web\/wp-json\/wp\/v2\/users\/3"}],"replies":[{"embeddable":true,"href":"https:\/\/infovera.com.ar\/web\/wp-json\/wp\/v2\/comments?post=62625"}],"version-history":[{"count":0,"href":"https:\/\/infovera.com.ar\/web\/wp-json\/wp\/v2\/posts\/62625\/revisions"}],"wp:featuredmedia":[{"embeddable":true,"href":"https:\/\/infovera.com.ar\/web\/wp-json\/wp\/v2\/media\/62627"}],"wp:attachment":[{"href":"https:\/\/infovera.com.ar\/web\/wp-json\/wp\/v2\/media?parent=62625"}],"wp:term":[{"taxonomy":"category","embeddable":true,"href":"https:\/\/infovera.com.ar\/web\/wp-json\/wp\/v2\/categories?post=62625"},{"taxonomy":"post_tag","embeddable":true,"href":"https:\/\/infovera.com.ar\/web\/wp-json\/wp\/v2\/tags?post=62625"}],"curies":[{"name":"wp","href":"https:\/\/api.w.org\/{rel}","templated":true}]}}