{"id":62485,"date":"2025-04-30T14:32:18","date_gmt":"2025-04-30T17:32:18","guid":{"rendered":"https:\/\/infovera.com.ar\/web\/?p=62485"},"modified":"2025-04-30T14:33:52","modified_gmt":"2025-04-30T17:33:52","slug":"puerto-reconquista-secuestraron-un-yate-en-una-investigacion-federal-por-certificados-truchos","status":"publish","type":"post","link":"https:\/\/infovera.com.ar\/web\/2025\/04\/30\/puerto-reconquista-secuestraron-un-yate-en-una-investigacion-federal-por-certificados-truchos\/","title":{"rendered":"Puerto Reconquista: secuestraron un yate en una investigaci\u00f3n federal por certificados truchos"},"content":{"rendered":"<p>La medida fue ordenada por el juez Aldo Alurralde tras una denuncia de Prefectura. Fueron allanadas una guarder\u00eda n\u00e1utica y la empresa que lo comercializ\u00f3. Podr\u00eda haber otros casos similares.<\/p>\n<p>En la jornada del martes fueron allanados el local de la concesionaria de autos, motos y lanchas Todo Comercial, ubicado sobre bulevar Hip\u00f3lito Irigoyen, y la guarder\u00eda n\u00e1utica Costa Norte, emplazada en la zona portuaria, ambos en Reconquista.<\/p>\n<p>Las pesquisas estuvieron a cargo de personal de Prefectura Reconquista, se enmarcaron en un investigaci\u00f3n por supuestos certificados truchos de navegaci\u00f3n y desembocaron en el secuestro del yate y documentaci\u00f3n de inter\u00e9s para la causa que se tramita en el fuero federal del norte santafesino.<\/p>\n<p>Una vez concluido el operativo, el juez federal Aldo Alurralde brind\u00f3 detalles de las actuaciones: \u201cLos dos allanamientos dispuestos ayer en un local comercial ubicado en Hip\u00f3lito Irigoyen y Sarmiento, ac\u00e1 de Reconquista, y en un yate que se encontraba en guarder\u00eda Costa Norte, en el puerto Reconquista, se hicieron en el marco de una investigaci\u00f3n a cargo del Juzgado Federal y con participaci\u00f3n de Fiscal\u00eda Federal, con personal de Prefectura Naval, que es quien lleva adelante las tareas de inteligencia y de prevenci\u00f3n en esta causa\u201d.<\/p>\n<p>El magistrado revel\u00f3 que las averiguaciones comenzaron a partir de haberse tomado conocimiento, a fines del a\u00f1o pasado, sobre la \u201cexistencia de certificados de navegaci\u00f3n provisorios de lanchas, que aparentemente eran comercializadas en ese lugar, pero que estos certificados que no ser\u00edan originales ni emitidos por la propia Prefectura\u201d.<\/p>\n<p>En esa l\u00ednea, explic\u00f3 que \u201cson certificados que se suelen emitir mientras lo que es la matr\u00edcula definitiva est\u00e1 en tr\u00e1mite y lo que se est\u00e1 investigando es una presunta falsedad de documento p\u00fablico, uso de documento p\u00fablico falso, en este caso en una etapa primaria de la investigaci\u00f3n. Luego se podr\u00e1 avanzar en base a dispositivos electr\u00f3nicos que fueron secuestrados, computadoras que van a ser sometidos a pericia\u201d.<\/p>\n<p>La denuncia fue radicada por Prefectura a ra\u00edz de percatarse que \u201cdistintas personas acercaron estos certificados en busca de obtener la certificaci\u00f3n definitiva, la autorizaci\u00f3n definitiva, y cuando se observan estos certificados Prefectura advierte que no se corresponden con los que emite el propio organismo, y raz\u00f3n por la cual a partir de all\u00ed se realiza la denuncia y se comienza la investigaci\u00f3n\u201d, ahond\u00f3 el juez.<\/p>\n<p>Alurralde dijo que en esta etapa embrionaria de la causa orden\u00f3 el secuestro de la embarcaci\u00f3n -un yate- sobre el cual indic\u00f3 que \u201chay que ver la titularidad de la misma, en esa embarcaci\u00f3n tambi\u00e9n hab\u00eda documental de inter\u00e9s para la causa que fue secuestrada y se ver\u00e1 el curso de esta investigaci\u00f3n\u201d. En paralelo, aclar\u00f3 que \u201cno hay ninguna persona sobre la cual se me haya solicitado indagatoria ni imputada formalmente de ning\u00fan delito, simplemente estos allanamientos fueron al efecto de obtener pruebas que son necesarias para continuar con la investigaci\u00f3n en la causa\u201d.<\/p>\n<figure class=\"image\"><img decoding=\"async\" src=\"https:\/\/norte24cdn.eleco.com.ar\/media\/2024\/05\/alurralde.jpg\" alt=\"alurralde\" \/><\/figure>\n<p><strong>Multifuero<\/strong><\/p>\n<p>En las \u00faltimas horas, a trav\u00e9s de una acordada de la C\u00e1mara de Apelaciones de la Ciudad de Rosario, el juez Alurralde fue sido designado y qued\u00f3 a cargo del Juzgado Federal N\u00famero 2 de Santa Fe capital.<\/p>\n<p>Al respecto, el funcionario confirm\u00f3 que \u201ca partir del 1 de mayo de este a\u00f1o me hago cargo, en virtud de la disposici\u00f3n de la C\u00e1mara Federal de Apelaciones de la Ciudad de Rosario, del Juzgado Federal N\u00famero 2 cuyo juez titular se encuentra vacante, manteniendo las funciones como juez federal titular de Reconquista y de garant\u00edas tambi\u00e9n de la ciudad de Reconquista\u201d.<\/p>\n<p>Esa jurisdicci\u00f3n, la que corresponde a la C\u00e1mara Federal de Apelaciones de Rosario, es \u201cuna jurisdicci\u00f3n que tiene muchas vacantes en diversos juzgados, est\u00e1 vacante el Juzgado Federal N\u00famero 1, tambi\u00e9n de Santa Fe capital, est\u00e1 vacante el Juzgado Federal de Rafaela, un juzgado civil en Rosario, es decir, hay varios vacantes y, bueno, los jueces titulares somos los que, conforme disposici\u00f3n del Consejo de la Magistratura, debemos cubrir a trav\u00e9s de la subrogancia, esas vacantes hasta tanto se designe un juez titular\u201d, se explay\u00f3<\/p>\n<p><strong>&#8211; \u00bfA qu\u00e9 zonas abarca el Juzgado Federal N\u00famero 2 de la capital provincial?<\/strong><\/p>\n<p>&#8211; Bueno, es un juzgado multifuero que abarca lo que es el departamento La Capital y el departamento San Justo territorialmente; pero, lo importante es que es multifuero, es decir, es civil, penal, laboral y todas las caracter\u00edsticas de un juzgado multifuero como el de Reconquista.<\/p>\n","protected":false},"excerpt":{"rendered":"<p>La medida fue ordenada por el juez Aldo Alurralde tras una denuncia de Prefectura. Fueron allanadas una guarder\u00eda n\u00e1utica y la empresa que lo comercializ\u00f3. Podr\u00eda haber otros casos similares. En la jornada del martes fueron allanados el local de la concesionaria de autos, motos y lanchas Todo Comercial, ubicado sobre bulevar Hip\u00f3lito Irigoyen, y [&hellip;]<\/p>\n","protected":false},"author":3,"featured_media":62486,"comment_status":"closed","ping_status":"closed","sticky":false,"template":"","format":"standard","meta":{"_joinchat":[],"footnotes":""},"categories":[30,55,61],"tags":[],"class_list":{"0":"post-62485","1":"post","2":"type-post","3":"status-publish","4":"format-standard","5":"has-post-thumbnail","7":"category-policiales","8":"category-reconquista","9":"category-regionales"},"_links":{"self":[{"href":"https:\/\/infovera.com.ar\/web\/wp-json\/wp\/v2\/posts\/62485","targetHints":{"allow":["GET"]}}],"collection":[{"href":"https:\/\/infovera.com.ar\/web\/wp-json\/wp\/v2\/posts"}],"about":[{"href":"https:\/\/infovera.com.ar\/web\/wp-json\/wp\/v2\/types\/post"}],"author":[{"embeddable":true,"href":"https:\/\/infovera.com.ar\/web\/wp-json\/wp\/v2\/users\/3"}],"replies":[{"embeddable":true,"href":"https:\/\/infovera.com.ar\/web\/wp-json\/wp\/v2\/comments?post=62485"}],"version-history":[{"count":0,"href":"https:\/\/infovera.com.ar\/web\/wp-json\/wp\/v2\/posts\/62485\/revisions"}],"wp:featuredmedia":[{"embeddable":true,"href":"https:\/\/infovera.com.ar\/web\/wp-json\/wp\/v2\/media\/62486"}],"wp:attachment":[{"href":"https:\/\/infovera.com.ar\/web\/wp-json\/wp\/v2\/media?parent=62485"}],"wp:term":[{"taxonomy":"category","embeddable":true,"href":"https:\/\/infovera.com.ar\/web\/wp-json\/wp\/v2\/categories?post=62485"},{"taxonomy":"post_tag","embeddable":true,"href":"https:\/\/infovera.com.ar\/web\/wp-json\/wp\/v2\/tags?post=62485"}],"curies":[{"name":"wp","href":"https:\/\/api.w.org\/{rel}","templated":true}]}}