{"id":61561,"date":"2025-04-28T10:36:12","date_gmt":"2025-04-28T13:36:12","guid":{"rendered":"https:\/\/infovera.com.ar\/web\/?p=61561"},"modified":"2025-04-28T10:36:12","modified_gmt":"2025-04-28T13:36:12","slug":"170-fiscales-y-funcionarios-del-mpa-de-toda-la-provincia-se-reunieron-en-rosario","status":"publish","type":"post","link":"https:\/\/infovera.com.ar\/web\/2025\/04\/28\/170-fiscales-y-funcionarios-del-mpa-de-toda-la-provincia-se-reunieron-en-rosario\/","title":{"rendered":"170 fiscales y funcionarios del MPA de toda la provincia se reunieron en Rosario"},"content":{"rendered":"<p>Fue en el marco del II Encuentro de Fiscales organizado por la Fiscal\u00eda General. Se llev\u00f3 a cabo durante toda la jornada de hoy en la sede de la Universidad Cat\u00f3lica Argentina en la ciudad del sur provincial. La Fiscal General, Mar\u00eda Cecilia Vranicich, encabez\u00f3 la actividad.<\/p>\n<p>Un total de 170 fiscales y funcionarios del MPA de toda la provincia se reunieron hoy en la ciudad de Rosario en el marco de un encuentro de trabajo organizado por la Fiscal\u00eda General. La actividad comenz\u00f3 en horas de la ma\u00f1ana y finaliz\u00f3 a la tarde en la sede de la Universidad Cat\u00f3lica Argentina de la ciudad del sur provincial.<\/p>\n<p>La Fiscal General, Mar\u00eda Cecilia Vranicich, encabez\u00f3 el encuentro y tuvo a su cargo las palabras de cierre. Por su parte, el especialista de la Universidad Cat\u00f3lica de Uruguay, Mario Spangenberg, abri\u00f3 la jornada con una disertaci\u00f3n acerca de \u201cLegitimaci\u00f3n del ministerio p\u00fablico fiscal: pol\u00edtica de persecuci\u00f3n penal eficaz orientada a las v\u00edctimas y a la reducci\u00f3n del delito\u201d.<\/p>\n<p>\u201cEntendemos que es fundamental sostener este tipo de encuentros porque fortalecen nuestra instituci\u00f3n\u201d, remarc\u00f3 Vranicich y record\u00f3 que \u201cla reuni\u00f3n de hoy fue la segunda de este tipo que realizamos desde que se inici\u00f3 nuestra gesti\u00f3n\u201d.<\/p>\n<p>La titular del MPA hizo hincapi\u00e9 en que \u201ctrabajamos en los Objetivos Priorizados de Persecuci\u00f3n Penal y en las transformaciones que venimos implementando de los procesos de trabajo\u201d. En tal sentido, indic\u00f3 que \u201cprofundizamos el abordaje estrat\u00e9gico de la circulaci\u00f3n ilegal de armas de fuego en la provincia y el estado de implementaci\u00f3n de la nueva incumbencia que tendr\u00e1 el MPA a partir del 21 de junio en Responsabilidad Penal Adolescente\u201d.<\/p>\n<p>Vranicich se\u00f1al\u00f3 que \u201cotro de los ejes de la jornada fueron las acciones que venimos realizando para dejar atr\u00e1s pr\u00e1cticas bur\u00f3cratas\u201d, y concluy\u00f3 que \u201cpor eso es que continuaremos trabajando en la gesti\u00f3n inteligente de la carga de trabajo fiscal\u201d.<\/p>\n","protected":false},"excerpt":{"rendered":"<p>Fue en el marco del II Encuentro de Fiscales organizado por la Fiscal\u00eda General. Se llev\u00f3 a cabo durante toda la jornada de hoy en la sede de la Universidad Cat\u00f3lica Argentina en la ciudad del sur provincial. La Fiscal General, Mar\u00eda Cecilia Vranicich, encabez\u00f3 la actividad. Un total de 170 fiscales y funcionarios del [&hellip;]<\/p>\n","protected":false},"author":3,"featured_media":61562,"comment_status":"closed","ping_status":"closed","sticky":false,"template":"","format":"standard","meta":{"_joinchat":[],"footnotes":""},"categories":[60],"tags":[],"class_list":{"0":"post-61561","1":"post","2":"type-post","3":"status-publish","4":"format-standard","5":"has-post-thumbnail","7":"category-provinciales"},"_links":{"self":[{"href":"https:\/\/infovera.com.ar\/web\/wp-json\/wp\/v2\/posts\/61561","targetHints":{"allow":["GET"]}}],"collection":[{"href":"https:\/\/infovera.com.ar\/web\/wp-json\/wp\/v2\/posts"}],"about":[{"href":"https:\/\/infovera.com.ar\/web\/wp-json\/wp\/v2\/types\/post"}],"author":[{"embeddable":true,"href":"https:\/\/infovera.com.ar\/web\/wp-json\/wp\/v2\/users\/3"}],"replies":[{"embeddable":true,"href":"https:\/\/infovera.com.ar\/web\/wp-json\/wp\/v2\/comments?post=61561"}],"version-history":[{"count":0,"href":"https:\/\/infovera.com.ar\/web\/wp-json\/wp\/v2\/posts\/61561\/revisions"}],"wp:featuredmedia":[{"embeddable":true,"href":"https:\/\/infovera.com.ar\/web\/wp-json\/wp\/v2\/media\/61562"}],"wp:attachment":[{"href":"https:\/\/infovera.com.ar\/web\/wp-json\/wp\/v2\/media?parent=61561"}],"wp:term":[{"taxonomy":"category","embeddable":true,"href":"https:\/\/infovera.com.ar\/web\/wp-json\/wp\/v2\/categories?post=61561"},{"taxonomy":"post_tag","embeddable":true,"href":"https:\/\/infovera.com.ar\/web\/wp-json\/wp\/v2\/tags?post=61561"}],"curies":[{"name":"wp","href":"https:\/\/api.w.org\/{rel}","templated":true}]}}